{"id":856,"date":"2025-05-17T02:03:00","date_gmt":"2025-05-17T06:03:00","guid":{"rendered":"https:\/\/votabolivia.com\/main\/web\/?p=856"},"modified":"2025-05-17T16:04:37","modified_gmt":"2025-05-17T20:04:37","slug":"radio-saucena-98-3-fm-orgullo-de-monteagudo-y-el-chaco-chuquisaqueno","status":"publish","type":"post","link":"https:\/\/capitalfmbolivia.com\/web\/emisoras\/2025\/05\/17\/856\/","title":{"rendered":"Radio Sauce\u00f1a 98.3 FM: Orgullo de Monteagudo y el Chaco chuquisaque\u00f1o"},"content":{"rendered":"<p>Ubicada en el coraz\u00f3n del Chaco chuquisaque\u00f1o, Radio Sauce\u00f1a 98.3 FM se ha consolidado como un medio que articula voces ind\u00edgenas, campesinas y urbanas. Su cobertura abarca temas de derechos, medio ambiente y cultura chaque\u00f1a, convirti\u00e9ndola en una emisora de referencia.<\/p>\n<p><iframe loading=\"lazy\" src=\"https:\/\/zeno.fm\/player\/red-chuquisaquena\" width=\"575\" height=\"250\" frameborder=\"0\" scrolling=\"no\"><\/iframe><\/p>\n","protected":false},"excerpt":{"rendered":"<p>Ubicada en el coraz\u00f3n del Chaco chuquisaque\u00f1o, Radio Sauce\u00f1a 98.3 FM se ha consolidado como&#8230;<\/p>\n","protected":false},"author":1,"featured_media":0,"comment_status":"closed","ping_status":"open","sticky":false,"template":"","format":"standard","meta":{"footnotes":""},"categories":[46],"tags":[],"class_list":["post-856","post","type-post","status-publish","format-standard","hentry","category-emisoras"],"featured_image_urls":{"full":"","thumbnail":"","medium":"","medium_large":"","large":"","1536x1536":"","2048x2048":"","newsphere-slider-full":"","newsphere-featured":"","newsphere-medium":""},"author_info":{"display_name":"redchuqui","author_link":"https:\/\/capitalfmbolivia.com\/web\/author\/redchuqui\/"},"category_info":"<a href=\"https:\/\/capitalfmbolivia.com\/web\/category\/emisoras\/\" rel=\"category tag\">EMISORAS<\/a>","tag_info":"EMISORAS","comment_count":"0","_links":{"self":[{"href":"https:\/\/capitalfmbolivia.com\/web\/wp-json\/wp\/v2\/posts\/856","targetHints":{"allow":["GET"]}}],"collection":[{"href":"https:\/\/capitalfmbolivia.com\/web\/wp-json\/wp\/v2\/posts"}],"about":[{"href":"https:\/\/capitalfmbolivia.com\/web\/wp-json\/wp\/v2\/types\/post"}],"author":[{"embeddable":true,"href":"https:\/\/capitalfmbolivia.com\/web\/wp-json\/wp\/v2\/users\/1"}],"replies":[{"embeddable":true,"href":"https:\/\/capitalfmbolivia.com\/web\/wp-json\/wp\/v2\/comments?post=856"}],"version-history":[{"count":1,"href":"https:\/\/capitalfmbolivia.com\/web\/wp-json\/wp\/v2\/posts\/856\/revisions"}],"predecessor-version":[{"id":857,"href":"https:\/\/capitalfmbolivia.com\/web\/wp-json\/wp\/v2\/posts\/856\/revisions\/857"}],"wp:attachment":[{"href":"https:\/\/capitalfmbolivia.com\/web\/wp-json\/wp\/v2\/media?parent=856"}],"wp:term":[{"taxonomy":"category","embeddable":true,"href":"https:\/\/capitalfmbolivia.com\/web\/wp-json\/wp\/v2\/categories?post=856"},{"taxonomy":"post_tag","embeddable":true,"href":"https:\/\/capitalfmbolivia.com\/web\/wp-json\/wp\/v2\/tags?post=856"}],"curies":[{"name":"wp","href":"https:\/\/api.w.org\/{rel}","templated":true}]}}