{"id":858,"date":"2025-05-17T02:03:47","date_gmt":"2025-05-17T06:03:47","guid":{"rendered":"https:\/\/votabolivia.com\/main\/web\/?p=858"},"modified":"2025-05-17T16:04:37","modified_gmt":"2025-05-17T20:04:37","slug":"radio-serrano-88-3-fm-comunicacion-con-altura-y-raiz","status":"publish","type":"post","link":"https:\/\/capitalfmbolivia.com\/web\/emisoras\/2025\/05\/17\/858\/","title":{"rendered":"Radio Serrano 88.3 FM: Comunicaci\u00f3n con altura y ra\u00edz"},"content":{"rendered":"<p>Con base en Villa Serrano, Radio Serrano transmite desde la sierra chuquisaque\u00f1a, promoviendo el di\u00e1logo intercultural y la informaci\u00f3n comunitaria. Su programaci\u00f3n incluye m\u00fasica andina, espacios de formaci\u00f3n ciudadana y promoci\u00f3n de derechos humanos.<br \/>\n<iframe loading=\"lazy\" src=\"https:\/\/zeno.fm\/player\/red-chuquisaquena\" width=\"575\" height=\"250\" frameborder=\"0\" scrolling=\"no\"><\/iframe><\/p>\n","protected":false},"excerpt":{"rendered":"<p>Con base en Villa Serrano, Radio Serrano transmite desde la sierra chuquisaque\u00f1a, promoviendo el di\u00e1logo&#8230;<\/p>\n","protected":false},"author":1,"featured_media":0,"comment_status":"closed","ping_status":"open","sticky":false,"template":"","format":"standard","meta":{"footnotes":""},"categories":[46],"tags":[],"class_list":["post-858","post","type-post","status-publish","format-standard","hentry","category-emisoras"],"featured_image_urls":{"full":"","thumbnail":"","medium":"","medium_large":"","large":"","1536x1536":"","2048x2048":"","newsphere-slider-full":"","newsphere-featured":"","newsphere-medium":""},"author_info":{"display_name":"redchuqui","author_link":"https:\/\/capitalfmbolivia.com\/web\/author\/redchuqui\/"},"category_info":"<a href=\"https:\/\/capitalfmbolivia.com\/web\/category\/emisoras\/\" rel=\"category tag\">EMISORAS<\/a>","tag_info":"EMISORAS","comment_count":"0","_links":{"self":[{"href":"https:\/\/capitalfmbolivia.com\/web\/wp-json\/wp\/v2\/posts\/858","targetHints":{"allow":["GET"]}}],"collection":[{"href":"https:\/\/capitalfmbolivia.com\/web\/wp-json\/wp\/v2\/posts"}],"about":[{"href":"https:\/\/capitalfmbolivia.com\/web\/wp-json\/wp\/v2\/types\/post"}],"author":[{"embeddable":true,"href":"https:\/\/capitalfmbolivia.com\/web\/wp-json\/wp\/v2\/users\/1"}],"replies":[{"embeddable":true,"href":"https:\/\/capitalfmbolivia.com\/web\/wp-json\/wp\/v2\/comments?post=858"}],"version-history":[{"count":1,"href":"https:\/\/capitalfmbolivia.com\/web\/wp-json\/wp\/v2\/posts\/858\/revisions"}],"predecessor-version":[{"id":859,"href":"https:\/\/capitalfmbolivia.com\/web\/wp-json\/wp\/v2\/posts\/858\/revisions\/859"}],"wp:attachment":[{"href":"https:\/\/capitalfmbolivia.com\/web\/wp-json\/wp\/v2\/media?parent=858"}],"wp:term":[{"taxonomy":"category","embeddable":true,"href":"https:\/\/capitalfmbolivia.com\/web\/wp-json\/wp\/v2\/categories?post=858"},{"taxonomy":"post_tag","embeddable":true,"href":"https:\/\/capitalfmbolivia.com\/web\/wp-json\/wp\/v2\/tags?post=858"}],"curies":[{"name":"wp","href":"https:\/\/api.w.org\/{rel}","templated":true}]}}