{"id":864,"date":"2025-05-17T02:05:56","date_gmt":"2025-05-17T06:05:56","guid":{"rendered":"https:\/\/votabolivia.com\/main\/web\/?p=864"},"modified":"2025-05-20T00:59:09","modified_gmt":"2025-05-20T04:59:09","slug":"radio-padilla-88-9-fm-en-defensa-de-la-palabra-libre","status":"publish","type":"post","link":"https:\/\/capitalfmbolivia.com\/web\/emisoras\/2025\/05\/17\/864\/","title":{"rendered":"Radio Padilla 88.9 FM: En defensa de la palabra libre"},"content":{"rendered":"<p>Desde uno de los pueblos con m\u00e1s historia en Bolivia, Radio Padilla difunde programas informativos, educativos y culturales. Es un basti\u00f3n de la comunicaci\u00f3n alternativa, con fuerte compromiso con la memoria hist\u00f3rica y los procesos sociales del municipio.<\/p>\n<p><iframe loading=\"lazy\" src=\"https:\/\/zeno.fm\/player\/red-chuquisaquena\" width=\"575\" height=\"250\" frameborder=\"0\" scrolling=\"no\"><\/iframe><\/p>\n","protected":false},"excerpt":{"rendered":"<p>Desde uno de los pueblos con m\u00e1s historia en Bolivia, Radio Padilla difunde programas informativos,&#8230;<\/p>\n","protected":false},"author":1,"featured_media":0,"comment_status":"closed","ping_status":"open","sticky":false,"template":"","format":"standard","meta":{"footnotes":""},"categories":[46],"tags":[],"class_list":["post-864","post","type-post","status-publish","format-standard","hentry","category-emisoras"],"featured_image_urls":{"full":"","thumbnail":"","medium":"","medium_large":"","large":"","1536x1536":"","2048x2048":"","newsphere-slider-full":"","newsphere-featured":"","newsphere-medium":""},"author_info":{"display_name":"redchuqui","author_link":"https:\/\/capitalfmbolivia.com\/web\/author\/redchuqui\/"},"category_info":"<a href=\"https:\/\/capitalfmbolivia.com\/web\/category\/emisoras\/\" rel=\"category tag\">EMISORAS<\/a>","tag_info":"EMISORAS","comment_count":"0","_links":{"self":[{"href":"https:\/\/capitalfmbolivia.com\/web\/wp-json\/wp\/v2\/posts\/864","targetHints":{"allow":["GET"]}}],"collection":[{"href":"https:\/\/capitalfmbolivia.com\/web\/wp-json\/wp\/v2\/posts"}],"about":[{"href":"https:\/\/capitalfmbolivia.com\/web\/wp-json\/wp\/v2\/types\/post"}],"author":[{"embeddable":true,"href":"https:\/\/capitalfmbolivia.com\/web\/wp-json\/wp\/v2\/users\/1"}],"replies":[{"embeddable":true,"href":"https:\/\/capitalfmbolivia.com\/web\/wp-json\/wp\/v2\/comments?post=864"}],"version-history":[{"count":1,"href":"https:\/\/capitalfmbolivia.com\/web\/wp-json\/wp\/v2\/posts\/864\/revisions"}],"predecessor-version":[{"id":865,"href":"https:\/\/capitalfmbolivia.com\/web\/wp-json\/wp\/v2\/posts\/864\/revisions\/865"}],"wp:attachment":[{"href":"https:\/\/capitalfmbolivia.com\/web\/wp-json\/wp\/v2\/media?parent=864"}],"wp:term":[{"taxonomy":"category","embeddable":true,"href":"https:\/\/capitalfmbolivia.com\/web\/wp-json\/wp\/v2\/categories?post=864"},{"taxonomy":"post_tag","embeddable":true,"href":"https:\/\/capitalfmbolivia.com\/web\/wp-json\/wp\/v2\/tags?post=864"}],"curies":[{"name":"wp","href":"https:\/\/api.w.org\/{rel}","templated":true}]}}