{"id":897,"date":"2025-05-17T14:51:46","date_gmt":"2025-05-17T18:51:46","guid":{"rendered":"https:\/\/votabolivia.com\/main\/web\/?p=897"},"modified":"2025-05-20T00:59:09","modified_gmt":"2025-05-20T04:59:09","slug":"cae-en-santa-cruz-uno-de-los-lideres-del-pcc-brasileno-cuando-intentaba-renovar-documento-falso-en-el-segip","status":"publish","type":"post","link":"https:\/\/capitalfmbolivia.com\/web\/nacional\/seguridad\/2025\/05\/17\/897\/","title":{"rendered":"Cae en Santa Cruz uno de los l\u00edderes del PCC brasile\u00f1o cuando intentaba renovar documento falso en el SEGIP"},"content":{"rendered":"<p>Marcos Roberto de Almeida, alias \u201cTuta\u201d, se\u00f1alado como uno de los cabecillas del Primer Comando de la Capital (PCC), fue capturado por la Polic\u00eda Boliviana cuando intentaba renovar un documento de identidad falso en Santa Cruz.<\/p>\n<p><!--more--><\/p>\n<p class=\"\" data-start=\"535\" data-end=\"814\">En un operativo coordinado entre la Polic\u00eda Boliviana y la Polic\u00eda Federal de Brasil, fue aprehendido en Santa Cruz de la Sierra Marcos Roberto de Almeida, alias \u201cTuta\u201d, identificado como uno de los m\u00e1ximos l\u00edderes del grupo criminal brasile\u00f1o Primer Comando de la Capital (PCC).<\/p>\n<p class=\"\" data-start=\"816\" data-end=\"1110\">\u201cTuta\u201d fue capturado por agentes de la Fuerza Especial de Lucha Contra el Crimen (FELCC) cuando acudi\u00f3 a una oficina del Servicio General de Identificaci\u00f3n Personal (SEGIP), ubicada dentro de un centro comercial, con la intenci\u00f3n de renovar un documento de identidad usando una identidad falsa.<\/p>\n<p class=\"\" data-start=\"1112\" data-end=\"1482\">El ministro de Gobierno saliente, Eduardo Del Castillo, confirm\u00f3 la aprehensi\u00f3n a trav\u00e9s de sus redes sociales, felicitando el trabajo de la FELCC y destacando la coordinaci\u00f3n binacional. \u201cEste operativo se constituye en un golpe importante contra el crimen organizado transnacional y refuerza la coordinaci\u00f3n efectiva entre las fuerzas del orden de la regi\u00f3n\u201d, expres\u00f3.<\/p>\n<p class=\"\" data-start=\"1484\" data-end=\"1804\">Del Castillo difundi\u00f3 tambi\u00e9n un organigrama elaborado por la Polic\u00eda Federal de Brasil, en el que se identifica a \u201cTuta\u201d como el \u00faltimo gran cabecilla del PCC que a\u00fan se encontraba en libertad. Sus principales socios \u2014Eduardo Aparecido de Almeida, Marcelo Moreira Prado y Patric Velinton Salomao\u2014 ya est\u00e1n bajo arresto.<\/p>\n<p class=\"\" data-start=\"1806\" data-end=\"2182\">El intento de fraude fue detectado durante el registro de sus huellas dactilares, lo que activ\u00f3 inmediatamente las alertas de seguridad. La r\u00e1pida acci\u00f3n del personal del SEGIP y de los efectivos policiales permiti\u00f3 su aprehensi\u00f3n inmediata. Almeida fue trasladado bajo estrictas medidas de seguridad hasta las celdas de la FELCC, donde se iniciar\u00e1 el proceso correspondiente.<\/p>\n","protected":false},"excerpt":{"rendered":"<p>Marcos Roberto de Almeida, alias \u201cTuta\u201d, se\u00f1alado como uno de los cabecillas del Primer Comando&#8230;<\/p>\n","protected":false},"author":1,"featured_media":898,"comment_status":"closed","ping_status":"open","sticky":false,"template":"","format":"standard","meta":{"footnotes":""},"categories":[40],"tags":[],"class_list":["post-897","post","type-post","status-publish","format-standard","has-post-thumbnail","hentry","category-seguridad"],"featured_image_urls":{"full":["https:\/\/capitalfmbolivia.com\/web\/wp-content\/uploads\/2025\/05\/tuta-preso1.jpg",984,549,false],"thumbnail":["https:\/\/capitalfmbolivia.com\/web\/wp-content\/uploads\/2025\/05\/tuta-preso1-150x150.jpg",150,150,true],"medium":["https:\/\/capitalfmbolivia.com\/web\/wp-content\/uploads\/2025\/05\/tuta-preso1-300x167.jpg",300,167,true],"medium_large":["https:\/\/capitalfmbolivia.com\/web\/wp-content\/uploads\/2025\/05\/tuta-preso1-768x428.jpg",640,357,true],"large":["https:\/\/capitalfmbolivia.com\/web\/wp-content\/uploads\/2025\/05\/tuta-preso1.jpg",640,357,false],"1536x1536":["https:\/\/capitalfmbolivia.com\/web\/wp-content\/uploads\/2025\/05\/tuta-preso1.jpg",984,549,false],"2048x2048":["https:\/\/capitalfmbolivia.com\/web\/wp-content\/uploads\/2025\/05\/tuta-preso1.jpg",984,549,false],"newsphere-slider-full":["https:\/\/capitalfmbolivia.com\/web\/wp-content\/uploads\/2025\/05\/tuta-preso1.jpg",984,549,false],"newsphere-featured":["https:\/\/capitalfmbolivia.com\/web\/wp-content\/uploads\/2025\/05\/tuta-preso1.jpg",984,549,false],"newsphere-medium":["https:\/\/capitalfmbolivia.com\/web\/wp-content\/uploads\/2025\/05\/tuta-preso1-720x380.jpg",720,380,true]},"author_info":{"display_name":"redchuqui","author_link":"https:\/\/capitalfmbolivia.com\/web\/author\/redchuqui\/"},"category_info":"<a href=\"https:\/\/capitalfmbolivia.com\/web\/category\/nacional\/seguridad\/\" rel=\"category tag\">Seguridad<\/a>","tag_info":"Seguridad","comment_count":"0","_links":{"self":[{"href":"https:\/\/capitalfmbolivia.com\/web\/wp-json\/wp\/v2\/posts\/897","targetHints":{"allow":["GET"]}}],"collection":[{"href":"https:\/\/capitalfmbolivia.com\/web\/wp-json\/wp\/v2\/posts"}],"about":[{"href":"https:\/\/capitalfmbolivia.com\/web\/wp-json\/wp\/v2\/types\/post"}],"author":[{"embeddable":true,"href":"https:\/\/capitalfmbolivia.com\/web\/wp-json\/wp\/v2\/users\/1"}],"replies":[{"embeddable":true,"href":"https:\/\/capitalfmbolivia.com\/web\/wp-json\/wp\/v2\/comments?post=897"}],"version-history":[{"count":1,"href":"https:\/\/capitalfmbolivia.com\/web\/wp-json\/wp\/v2\/posts\/897\/revisions"}],"predecessor-version":[{"id":899,"href":"https:\/\/capitalfmbolivia.com\/web\/wp-json\/wp\/v2\/posts\/897\/revisions\/899"}],"wp:featuredmedia":[{"embeddable":true,"href":"https:\/\/capitalfmbolivia.com\/web\/wp-json\/wp\/v2\/media\/898"}],"wp:attachment":[{"href":"https:\/\/capitalfmbolivia.com\/web\/wp-json\/wp\/v2\/media?parent=897"}],"wp:term":[{"taxonomy":"category","embeddable":true,"href":"https:\/\/capitalfmbolivia.com\/web\/wp-json\/wp\/v2\/categories?post=897"},{"taxonomy":"post_tag","embeddable":true,"href":"https:\/\/capitalfmbolivia.com\/web\/wp-json\/wp\/v2\/tags?post=897"}],"curies":[{"name":"wp","href":"https:\/\/api.w.org\/{rel}","templated":true}]}}