{"id":900,"date":"2025-05-17T14:56:31","date_gmt":"2025-05-17T18:56:31","guid":{"rendered":"https:\/\/votabolivia.com\/main\/web\/?p=900"},"modified":"2025-05-20T00:59:08","modified_gmt":"2025-05-20T04:59:08","slug":"solicitan-al-tse-la-cancelacion-de-la-personeria-juridica-del-pdc-y-mts-por-incumplimientos-reiterados","status":"publish","type":"post","link":"https:\/\/capitalfmbolivia.com\/web\/nacional\/electoral\/2025\/05\/17\/900\/","title":{"rendered":"Solicitan al TSE la cancelaci\u00f3n de la personer\u00eda jur\u00eddica del PDC y MTS por incumplimientos reiterados"},"content":{"rendered":"<p>El ciudadano Peter Erlwein Beckhauser present\u00f3 demandas ante el TSE para cancelar la personer\u00eda del Partido Dem\u00f3crata Cristiano (PDC) y el Movimiento Tercer Sistema (MTS), alegando m\u00faltiples incumplimientos a resoluciones electorales, en base a la Ley 1096.<\/p>\n<p><!--more--><\/p>\n<p class=\"\" data-start=\"543\" data-end=\"1058\">El Tribunal Supremo Electoral (TSE) recibi\u00f3 este viernes dos nuevas demandas que buscan la cancelaci\u00f3n de la personer\u00eda jur\u00eddica del Partido Dem\u00f3crata Cristiano (PDC) y del Movimiento Tercer Sistema (MTS), por supuestos incumplimientos reiterados a resoluciones de la entidad electoral. La solicitud fue presentada por el ciudadano brasile\u00f1o Peter Erlwein Beckhauser, el mismo que logr\u00f3 anteriormente la anulaci\u00f3n de las siglas del Frente Para la Victoria (FPV) y del Partido de Acci\u00f3n Nacional Boliviano (Pan-Bol).<\/p>\n<p class=\"\" data-start=\"1060\" data-end=\"1292\">Beckhauser fundamenta su pedido en el art\u00edculo 58, par\u00e1grafo I, inciso e) de la Ley 1096 de Organizaciones Pol\u00edticas, que establece como causal de cancelaci\u00f3n el \u201ctercer incumplimiento a resoluciones del Tribunal Supremo Electoral\u201d.<\/p>\n<p class=\"\" data-start=\"1294\" data-end=\"1756\">En el caso del <strong data-start=\"1309\" data-end=\"1316\">PDC<\/strong>, se argumenta que su directiva, presidida por Jos\u00e9 Roberto Castro Pe\u00f1aranda desde 2017, debi\u00f3 renovarse en 2022 seg\u00fan el art\u00edculo 23 de su Estatuto Org\u00e1nico. La denuncia indica que el partido no cumpli\u00f3 con esta renovaci\u00f3n ni con la Resoluci\u00f3n TSE-RSP-ADM N\u00b0 002\/2025, que fijaba como plazo l\u00edmite el 20 de marzo de 2025 para regularizar su situaci\u00f3n. Adem\u00e1s, se se\u00f1ala el incumplimiento de al menos siete resoluciones emitidas por el TSE.<\/p>\n<p class=\"\" data-start=\"1758\" data-end=\"1954\">En cuanto al <strong data-start=\"1771\" data-end=\"1778\">MTS<\/strong>, liderado por F\u00e9lix Patzi Paco, tambi\u00e9n se se\u00f1ala una directiva no renovada desde antes de 2017. El denunciante menciona el incumplimiento de cinco resoluciones electorales:<\/p>\n<ul data-start=\"1955\" data-end=\"2101\">\n<li class=\"\" data-start=\"1955\" data-end=\"1984\">\n<p class=\"\" data-start=\"1957\" data-end=\"1984\">N\u00b0 0106\/2023 (12\/04\/2023)<\/p>\n<\/li>\n<li class=\"\" data-start=\"1985\" data-end=\"2014\">\n<p class=\"\" data-start=\"1987\" data-end=\"2014\">N\u00b0 0328\/2023 (19\/10\/2023)<\/p>\n<\/li>\n<li class=\"\" data-start=\"2015\" data-end=\"2044\">\n<p class=\"\" data-start=\"2017\" data-end=\"2044\">N\u00b0 0167\/2024 (30\/04\/2024)<\/p>\n<\/li>\n<li class=\"\" data-start=\"2045\" data-end=\"2074\">\n<p class=\"\" data-start=\"2047\" data-end=\"2074\">N\u00b0 0314\/2024 (05\/09\/2024)<\/p>\n<\/li>\n<li class=\"\" data-start=\"2075\" data-end=\"2101\">\n<p class=\"\" data-start=\"2077\" data-end=\"2101\">N\u00b0 002\/2025 (07\/01\/2025)<\/p>\n<\/li>\n<\/ul>\n<p class=\"\" data-start=\"2103\" data-end=\"2218\">Estas disposiciones otorgaban plazos para la renovaci\u00f3n de la dirigencia partidaria, pero no habr\u00edan sido acatadas.<\/p>\n<p class=\"\" data-start=\"2220\" data-end=\"2451\">\u201cEl incumplimiento reiterado de estas resoluciones constituye causal suficiente para que el TSE disponga la cancelaci\u00f3n de la personalidad jur\u00eddica de ambas organizaciones pol\u00edticas\u201d, concluye el memorial presentado por Beckhauser.<\/p>\n<p class=\"\" data-start=\"2453\" data-end=\"2595\">La decisi\u00f3n ahora est\u00e1 en manos del Tribunal Supremo Electoral, que deber\u00e1 evaluar la validez de las demandas conforme a la normativa vigente.<\/p>\n","protected":false},"excerpt":{"rendered":"<p>El ciudadano Peter Erlwein Beckhauser present\u00f3 demandas ante el TSE para cancelar la personer\u00eda del&#8230;<\/p>\n","protected":false},"author":1,"featured_media":901,"comment_status":"closed","ping_status":"open","sticky":false,"template":"","format":"standard","meta":{"footnotes":""},"categories":[41],"tags":[],"class_list":["post-900","post","type-post","status-publish","format-standard","has-post-thumbnail","hentry","category-electoral"],"featured_image_urls":{"full":["https:\/\/capitalfmbolivia.com\/web\/wp-content\/uploads\/2025\/05\/Frontis-TSE1.png",752,410,false],"thumbnail":["https:\/\/capitalfmbolivia.com\/web\/wp-content\/uploads\/2025\/05\/Frontis-TSE1-150x150.png",150,150,true],"medium":["https:\/\/capitalfmbolivia.com\/web\/wp-content\/uploads\/2025\/05\/Frontis-TSE1-300x164.png",300,164,true],"medium_large":["https:\/\/capitalfmbolivia.com\/web\/wp-content\/uploads\/2025\/05\/Frontis-TSE1.png",640,349,false],"large":["https:\/\/capitalfmbolivia.com\/web\/wp-content\/uploads\/2025\/05\/Frontis-TSE1.png",640,349,false],"1536x1536":["https:\/\/capitalfmbolivia.com\/web\/wp-content\/uploads\/2025\/05\/Frontis-TSE1.png",752,410,false],"2048x2048":["https:\/\/capitalfmbolivia.com\/web\/wp-content\/uploads\/2025\/05\/Frontis-TSE1.png",752,410,false],"newsphere-slider-full":["https:\/\/capitalfmbolivia.com\/web\/wp-content\/uploads\/2025\/05\/Frontis-TSE1.png",752,410,false],"newsphere-featured":["https:\/\/capitalfmbolivia.com\/web\/wp-content\/uploads\/2025\/05\/Frontis-TSE1.png",752,410,false],"newsphere-medium":["https:\/\/capitalfmbolivia.com\/web\/wp-content\/uploads\/2025\/05\/Frontis-TSE1-720x380.png",720,380,true]},"author_info":{"display_name":"redchuqui","author_link":"https:\/\/capitalfmbolivia.com\/web\/author\/redchuqui\/"},"category_info":"<a href=\"https:\/\/capitalfmbolivia.com\/web\/category\/nacional\/electoral\/\" rel=\"category tag\">Electoral<\/a>","tag_info":"Electoral","comment_count":"0","_links":{"self":[{"href":"https:\/\/capitalfmbolivia.com\/web\/wp-json\/wp\/v2\/posts\/900","targetHints":{"allow":["GET"]}}],"collection":[{"href":"https:\/\/capitalfmbolivia.com\/web\/wp-json\/wp\/v2\/posts"}],"about":[{"href":"https:\/\/capitalfmbolivia.com\/web\/wp-json\/wp\/v2\/types\/post"}],"author":[{"embeddable":true,"href":"https:\/\/capitalfmbolivia.com\/web\/wp-json\/wp\/v2\/users\/1"}],"replies":[{"embeddable":true,"href":"https:\/\/capitalfmbolivia.com\/web\/wp-json\/wp\/v2\/comments?post=900"}],"version-history":[{"count":1,"href":"https:\/\/capitalfmbolivia.com\/web\/wp-json\/wp\/v2\/posts\/900\/revisions"}],"predecessor-version":[{"id":902,"href":"https:\/\/capitalfmbolivia.com\/web\/wp-json\/wp\/v2\/posts\/900\/revisions\/902"}],"wp:featuredmedia":[{"embeddable":true,"href":"https:\/\/capitalfmbolivia.com\/web\/wp-json\/wp\/v2\/media\/901"}],"wp:attachment":[{"href":"https:\/\/capitalfmbolivia.com\/web\/wp-json\/wp\/v2\/media?parent=900"}],"wp:term":[{"taxonomy":"category","embeddable":true,"href":"https:\/\/capitalfmbolivia.com\/web\/wp-json\/wp\/v2\/categories?post=900"},{"taxonomy":"post_tag","embeddable":true,"href":"https:\/\/capitalfmbolivia.com\/web\/wp-json\/wp\/v2\/tags?post=900"}],"curies":[{"name":"wp","href":"https:\/\/api.w.org\/{rel}","templated":true}]}}