{"id":903,"date":"2025-05-17T15:05:01","date_gmt":"2025-05-17T19:05:01","guid":{"rendered":"https:\/\/votabolivia.com\/main\/web\/?p=903"},"modified":"2025-05-20T00:59:08","modified_gmt":"2025-05-20T04:59:08","slug":"evo-morales-regresa-al-tropico-para-organizar-nuevas-movilizaciones-tras-intento-fallido-de-inscripcion","status":"publish","type":"post","link":"https:\/\/capitalfmbolivia.com\/web\/nacional\/electoral\/2025\/05\/17\/903\/","title":{"rendered":"Evo Morales regresa al Tr\u00f3pico para organizar nuevas movilizaciones tras intento fallido de inscripci\u00f3n"},"content":{"rendered":"<p>El senador Leonardo Loza confirm\u00f3 que Morales retorn\u00f3 al Chapare para planificar nuevas acciones con miras a las elecciones, luego de no lograr su inscripci\u00f3n presidencial en La Paz. Anuncian una asamblea este domingo y un nuevo intento de registro el lunes.<!--more--><\/p>\n<p class=\"\" data-start=\"545\" data-end=\"921\">El senador del ala evista, Leonardo Loza, inform\u00f3 este s\u00e1bado que el expresidente Evo Morales retorn\u00f3 al Tr\u00f3pico del Chapare tras viajar toda la noche desde La Paz. Su objetivo, seg\u00fan explic\u00f3, es organizar nuevas movilizaciones junto a las organizaciones sociales que respaldan su candidatura, luego del fallido intento de inscribirse ante el Tribunal Supremo Electoral (TSE).<\/p>\n<p class=\"\" data-start=\"923\" data-end=\"1253\">Loza adelant\u00f3 que este domingo se celebrar\u00e1 una asamblea en el Tr\u00f3pico para completar las listas de candidatos a diputados y senadores. Adem\u00e1s, se\u00f1al\u00f3 que el lunes se intentar\u00e1 nuevamente registrar el binomio presidencial, aunque no precis\u00f3 con qu\u00e9 sigla pol\u00edtica se har\u00eda la postulaci\u00f3n, tal como ocurri\u00f3 en ocasiones anteriores.<\/p>\n<p data-start=\"1255\" data-end=\"1543\"><iframe loading=\"lazy\" title=\"YouTube video player\" src=\"https:\/\/www.youtube.com\/embed\/A5PRzWCeSlk?si=2ewzXlUW5izZj5iH\" width=\"560\" height=\"315\" frameborder=\"0\" allowfullscreen=\"allowfullscreen\"><\/iframe><\/p>\n<p class=\"\" data-start=\"1255\" data-end=\"1543\">\u201cLa lucha por la inscripci\u00f3n continuar\u00e1 en otros departamentos frente a un gobierno traidor que siembra injusticia, dolor, llanto y l\u00e1grimas en nuestro pa\u00eds\u201d, declar\u00f3 el legislador, asegurando que Morales estuvo siempre junto a la marcha que lleg\u00f3 a la ciudad de La Paz el pasado viernes.<\/p>\n<p class=\"\" data-start=\"1545\" data-end=\"1933\">La movilizaci\u00f3n fue frenada por un fuerte resguardo policial en la Plaza Abaroa, sede del TSE, lo que impidi\u00f3 que los marchistas concretaran su objetivo. Loza calific\u00f3 la acci\u00f3n como \u201cmaligna, discriminadora, fascista y racista\u201d y denunci\u00f3 la represi\u00f3n con gases lacrim\u00f3genos, adem\u00e1s de la aprehensi\u00f3n de varios manifestantes, entre ellos el dirigente campesino Ponciano Santos y su hijo.<\/p>\n<p class=\"\" data-start=\"1935\" data-end=\"2238\">Tambi\u00e9n acus\u00f3 a la Polic\u00eda Boliviana de decomisar ilegalmente combustible que transportaban los miembros de la caravana. \u201cNos robaron en el camino. Por ley, un conductor puede portar m\u00e1s de 100 litros de gasolina y di\u00e9sel\u201d, afirm\u00f3, exigiendo la devoluci\u00f3n de los bidones y dem\u00e1s pertenencias incautadas.<\/p>\n<p class=\"\" data-start=\"2240\" data-end=\"2423\">El senador pidi\u00f3 la intervenci\u00f3n de la Defensor\u00eda del Pueblo y organismos de derechos humanos para garantizar la liberaci\u00f3n de al menos cinco personas detenidas durante las protestas.<\/p>\n<p class=\"\" data-start=\"2425\" data-end=\"2634\">Finalmente, Loza reafirm\u00f3 que la participaci\u00f3n del bloque evista en las elecciones de agosto est\u00e1 garantizada, aunque remarc\u00f3 que ser\u00e1 el Pacto de Unidad quien haga los anuncios oficiales sobre la candidatura.<\/p>\n","protected":false},"excerpt":{"rendered":"<p>El senador Leonardo Loza confirm\u00f3 que Morales retorn\u00f3 al Chapare para planificar nuevas acciones con&#8230;<\/p>\n","protected":false},"author":1,"featured_media":904,"comment_status":"closed","ping_status":"open","sticky":false,"template":"","format":"standard","meta":{"footnotes":""},"categories":[41],"tags":[],"class_list":["post-903","post","type-post","status-publish","format-standard","has-post-thumbnail","hentry","category-electoral"],"featured_image_urls":{"full":["https:\/\/capitalfmbolivia.com\/web\/wp-content\/uploads\/2025\/05\/c5216b6c-521a-439f-9227-2fe8c64f506d1.jpg",980,553,false],"thumbnail":["https:\/\/capitalfmbolivia.com\/web\/wp-content\/uploads\/2025\/05\/c5216b6c-521a-439f-9227-2fe8c64f506d1-150x150.jpg",150,150,true],"medium":["https:\/\/capitalfmbolivia.com\/web\/wp-content\/uploads\/2025\/05\/c5216b6c-521a-439f-9227-2fe8c64f506d1-300x169.jpg",300,169,true],"medium_large":["https:\/\/capitalfmbolivia.com\/web\/wp-content\/uploads\/2025\/05\/c5216b6c-521a-439f-9227-2fe8c64f506d1-768x433.jpg",640,361,true],"large":["https:\/\/capitalfmbolivia.com\/web\/wp-content\/uploads\/2025\/05\/c5216b6c-521a-439f-9227-2fe8c64f506d1.jpg",640,361,false],"1536x1536":["https:\/\/capitalfmbolivia.com\/web\/wp-content\/uploads\/2025\/05\/c5216b6c-521a-439f-9227-2fe8c64f506d1.jpg",980,553,false],"2048x2048":["https:\/\/capitalfmbolivia.com\/web\/wp-content\/uploads\/2025\/05\/c5216b6c-521a-439f-9227-2fe8c64f506d1.jpg",980,553,false],"newsphere-slider-full":["https:\/\/capitalfmbolivia.com\/web\/wp-content\/uploads\/2025\/05\/c5216b6c-521a-439f-9227-2fe8c64f506d1.jpg",980,553,false],"newsphere-featured":["https:\/\/capitalfmbolivia.com\/web\/wp-content\/uploads\/2025\/05\/c5216b6c-521a-439f-9227-2fe8c64f506d1.jpg",980,553,false],"newsphere-medium":["https:\/\/capitalfmbolivia.com\/web\/wp-content\/uploads\/2025\/05\/c5216b6c-521a-439f-9227-2fe8c64f506d1-720x380.jpg",720,380,true]},"author_info":{"display_name":"redchuqui","author_link":"https:\/\/capitalfmbolivia.com\/web\/author\/redchuqui\/"},"category_info":"<a href=\"https:\/\/capitalfmbolivia.com\/web\/category\/nacional\/electoral\/\" rel=\"category tag\">Electoral<\/a>","tag_info":"Electoral","comment_count":"0","_links":{"self":[{"href":"https:\/\/capitalfmbolivia.com\/web\/wp-json\/wp\/v2\/posts\/903","targetHints":{"allow":["GET"]}}],"collection":[{"href":"https:\/\/capitalfmbolivia.com\/web\/wp-json\/wp\/v2\/posts"}],"about":[{"href":"https:\/\/capitalfmbolivia.com\/web\/wp-json\/wp\/v2\/types\/post"}],"author":[{"embeddable":true,"href":"https:\/\/capitalfmbolivia.com\/web\/wp-json\/wp\/v2\/users\/1"}],"replies":[{"embeddable":true,"href":"https:\/\/capitalfmbolivia.com\/web\/wp-json\/wp\/v2\/comments?post=903"}],"version-history":[{"count":3,"href":"https:\/\/capitalfmbolivia.com\/web\/wp-json\/wp\/v2\/posts\/903\/revisions"}],"predecessor-version":[{"id":907,"href":"https:\/\/capitalfmbolivia.com\/web\/wp-json\/wp\/v2\/posts\/903\/revisions\/907"}],"wp:featuredmedia":[{"embeddable":true,"href":"https:\/\/capitalfmbolivia.com\/web\/wp-json\/wp\/v2\/media\/904"}],"wp:attachment":[{"href":"https:\/\/capitalfmbolivia.com\/web\/wp-json\/wp\/v2\/media?parent=903"}],"wp:term":[{"taxonomy":"category","embeddable":true,"href":"https:\/\/capitalfmbolivia.com\/web\/wp-json\/wp\/v2\/categories?post=903"},{"taxonomy":"post_tag","embeddable":true,"href":"https:\/\/capitalfmbolivia.com\/web\/wp-json\/wp\/v2\/tags?post=903"}],"curies":[{"name":"wp","href":"https:\/\/api.w.org\/{rel}","templated":true}]}}