{"id":910,"date":"2025-05-17T15:57:13","date_gmt":"2025-05-17T19:57:13","guid":{"rendered":"https:\/\/votabolivia.com\/main\/web\/?p=910"},"modified":"2025-05-20T00:59:08","modified_gmt":"2025-05-20T04:59:08","slug":"evistas-exigen-liberacion-de-su-dirigente-y-se-reunen-en-lauca-n-tras-marcha-fallida","status":"publish","type":"post","link":"https:\/\/capitalfmbolivia.com\/web\/nacional\/politica\/2025\/05\/17\/910\/","title":{"rendered":"Evistas exigen liberaci\u00f3n de su dirigente y se re\u00fanen en Lauca \u00d1 tras marcha fallida"},"content":{"rendered":"<p>Tras la fallida inscripci\u00f3n de Evo Morales como candidato, dirigentes del ala evista convocaron una reuni\u00f3n de emergencia en el Chapare y demandan la liberaci\u00f3n de Ponciano Santos Colque Cruz y otros detenidos.<!--more--><\/p>\n<p class=\"\" data-start=\"475\" data-end=\"821\">La dirigencia pol\u00edtica del bloque evista, af\u00edn a Evo Morales, convoc\u00f3 a una reuni\u00f3n de emergencia este domingo 18 de mayo en la poblaci\u00f3n de Lauca \u00d1, en el Chapare, luego de los incidentes ocurridos durante la marcha hacia la ciudad de La Paz que pretend\u00eda inscribir a Morales como candidato presidencial ante el Tribunal Supremo Electoral (TSE).<\/p>\n<p class=\"\" data-start=\"823\" data-end=\"1259\">El encuentro fue convocado por la agrupaci\u00f3n Evo-Pueblo con el objetivo de evaluar la represi\u00f3n policial y la detenci\u00f3n de m\u00e1s de 30 personas, entre ellos el dirigente campesino Ponciano Santos Colque Cruz, quien ya contaba con una orden de aprehensi\u00f3n desde 2024 por presuntos delitos de terrorismo y financiamiento al terrorismo. Otro proceso en su contra fue interpuesto por la alcaldesa de El Alto, Eva Copa, por violencia pol\u00edtica.<\/p>\n<p class=\"\" data-start=\"1261\" data-end=\"1526\">\u201cEl gobierno debe liberar inmediatamente a nuestros compa\u00f1eros detenidos, incluido el hermano Ponciano\u201d, se\u00f1al\u00f3 Enrique Mamani, dirigente del Pacto de Unidad, quien asegur\u00f3 que estas acciones no detendr\u00e1n la participaci\u00f3n del movimiento campesino en las elecciones.<\/p>\n<p class=\"\" data-start=\"1528\" data-end=\"1757\">Seg\u00fan informes, la Polic\u00eda detuvo a 23 personas en la carretera Oruro-La Paz por transportar combustible y otros objetos sin autorizaci\u00f3n, y a varios m\u00e1s en la sede de gobierno, donde tambi\u00e9n fue arrestado el hijo de Colque Cruz.<\/p>\n<p class=\"\" data-start=\"1759\" data-end=\"2112\">El senador evista Leonardo Loza acus\u00f3 al Gobierno de obstaculizar la inscripci\u00f3n del binomio de Morales y denunci\u00f3 que la plaza Abaroa, donde se ubica el TSE, fue cercada por efectivos policiales. Afirm\u00f3 adem\u00e1s que, aunque Evo Morales no fue visto p\u00fablicamente, s\u00ed lleg\u00f3 a La Paz con la marcha y retorn\u00f3 al Tr\u00f3pico para organizar la reuni\u00f3n del domingo.<\/p>\n<p class=\"\" data-start=\"2114\" data-end=\"2319\">\u201cDe manera estrat\u00e9gica, nuestro hermano Evo siempre ha estado con la marcha. Ahora ya est\u00e1 organizando la reuni\u00f3n\u201d, asegur\u00f3 Loza, quien tambi\u00e9n pidi\u00f3 la devoluci\u00f3n de combustible decomisado por la Polic\u00eda.<\/p>\n<p class=\"\" data-start=\"2321\" data-end=\"2523\">El plazo para la inscripci\u00f3n de candidaturas vence este lunes 19 de mayo, y los evistas aseguran que a\u00fan intentar\u00e1n registrar a sus postulantes, aunque mantienen en reserva la sigla con la que lo har\u00e1n.<\/p>\n","protected":false},"excerpt":{"rendered":"<p>Tras la fallida inscripci\u00f3n de Evo Morales como candidato, dirigentes del ala evista convocaron una&#8230;<\/p>\n","protected":false},"author":1,"featured_media":911,"comment_status":"closed","ping_status":"open","sticky":false,"template":"","format":"standard","meta":{"footnotes":""},"categories":[43],"tags":[67,75,66,76,71,69,73,62,65,64,72,63,70,68,74],"class_list":["post-910","post","type-post","status-publish","format-standard","has-post-thumbnail","hentry","category-politica","tag-bloque-evista","tag-candidatura","tag-chapare","tag-combustible-decomisado","tag-detenciones","tag-elecciones-2025","tag-eva-copa","tag-evo-morales","tag-lauca-n","tag-leonardo-loza","tag-pacto-de-unidad","tag-ponciano-santos-colque-cruz","tag-represion-policial","tag-tse","tag-violencia-politica"],"featured_image_urls":{"full":["https:\/\/capitalfmbolivia.com\/web\/wp-content\/uploads\/2025\/05\/497905093_1234904648004478_1765406492412244406_n-1024x6821-1.jpg",1024,682,false],"thumbnail":["https:\/\/capitalfmbolivia.com\/web\/wp-content\/uploads\/2025\/05\/497905093_1234904648004478_1765406492412244406_n-1024x6821-1-150x150.jpg",150,150,true],"medium":["https:\/\/capitalfmbolivia.com\/web\/wp-content\/uploads\/2025\/05\/497905093_1234904648004478_1765406492412244406_n-1024x6821-1-300x200.jpg",300,200,true],"medium_large":["https:\/\/capitalfmbolivia.com\/web\/wp-content\/uploads\/2025\/05\/497905093_1234904648004478_1765406492412244406_n-1024x6821-1-768x512.jpg",640,427,true],"large":["https:\/\/capitalfmbolivia.com\/web\/wp-content\/uploads\/2025\/05\/497905093_1234904648004478_1765406492412244406_n-1024x6821-1.jpg",640,426,false],"1536x1536":["https:\/\/capitalfmbolivia.com\/web\/wp-content\/uploads\/2025\/05\/497905093_1234904648004478_1765406492412244406_n-1024x6821-1.jpg",1024,682,false],"2048x2048":["https:\/\/capitalfmbolivia.com\/web\/wp-content\/uploads\/2025\/05\/497905093_1234904648004478_1765406492412244406_n-1024x6821-1.jpg",1024,682,false],"newsphere-slider-full":["https:\/\/capitalfmbolivia.com\/web\/wp-content\/uploads\/2025\/05\/497905093_1234904648004478_1765406492412244406_n-1024x6821-1.jpg",1024,682,false],"newsphere-featured":["https:\/\/capitalfmbolivia.com\/web\/wp-content\/uploads\/2025\/05\/497905093_1234904648004478_1765406492412244406_n-1024x6821-1.jpg",1024,682,false],"newsphere-medium":["https:\/\/capitalfmbolivia.com\/web\/wp-content\/uploads\/2025\/05\/497905093_1234904648004478_1765406492412244406_n-1024x6821-1-720x380.jpg",720,380,true]},"author_info":{"display_name":"redchuqui","author_link":"https:\/\/capitalfmbolivia.com\/web\/author\/redchuqui\/"},"category_info":"<a href=\"https:\/\/capitalfmbolivia.com\/web\/category\/nacional\/politica\/\" rel=\"category tag\">Politica<\/a>","tag_info":"Politica","comment_count":"0","_links":{"self":[{"href":"https:\/\/capitalfmbolivia.com\/web\/wp-json\/wp\/v2\/posts\/910","targetHints":{"allow":["GET"]}}],"collection":[{"href":"https:\/\/capitalfmbolivia.com\/web\/wp-json\/wp\/v2\/posts"}],"about":[{"href":"https:\/\/capitalfmbolivia.com\/web\/wp-json\/wp\/v2\/types\/post"}],"author":[{"embeddable":true,"href":"https:\/\/capitalfmbolivia.com\/web\/wp-json\/wp\/v2\/users\/1"}],"replies":[{"embeddable":true,"href":"https:\/\/capitalfmbolivia.com\/web\/wp-json\/wp\/v2\/comments?post=910"}],"version-history":[{"count":1,"href":"https:\/\/capitalfmbolivia.com\/web\/wp-json\/wp\/v2\/posts\/910\/revisions"}],"predecessor-version":[{"id":912,"href":"https:\/\/capitalfmbolivia.com\/web\/wp-json\/wp\/v2\/posts\/910\/revisions\/912"}],"wp:featuredmedia":[{"embeddable":true,"href":"https:\/\/capitalfmbolivia.com\/web\/wp-json\/wp\/v2\/media\/911"}],"wp:attachment":[{"href":"https:\/\/capitalfmbolivia.com\/web\/wp-json\/wp\/v2\/media?parent=910"}],"wp:term":[{"taxonomy":"category","embeddable":true,"href":"https:\/\/capitalfmbolivia.com\/web\/wp-json\/wp\/v2\/categories?post=910"},{"taxonomy":"post_tag","embeddable":true,"href":"https:\/\/capitalfmbolivia.com\/web\/wp-json\/wp\/v2\/tags?post=910"}],"curies":[{"name":"wp","href":"https:\/\/api.w.org\/{rel}","templated":true}]}}