{"id":915,"date":"2025-05-17T17:02:03","date_gmt":"2025-05-17T21:02:03","guid":{"rendered":"https:\/\/votabolivia.com\/main\/web\/?p=915"},"modified":"2025-05-20T00:59:08","modified_gmt":"2025-05-20T04:59:08","slug":"eva-copa-y-damian-condori-seran-el-binomio-presidencial-de-morena-para-las-elecciones-2025","status":"publish","type":"post","link":"https:\/\/capitalfmbolivia.com\/web\/nacional\/electoral\/2025\/05\/17\/915\/","title":{"rendered":"Eva Copa y Dami\u00e1n Condori ser\u00e1n el binomio presidencial de Morena para las elecciones 2025"},"content":{"rendered":"<p class=\"\" data-start=\"373\" data-end=\"562\">Morena oficializa su participaci\u00f3n electoral con la dupla Eva Copa &#8211; Dami\u00e1n Condori, confirmando su apuesta por un proyecto alternativo de centro izquierda de cara a los comicios de agosto.<!--more--><\/p>\n<p class=\"\" data-start=\"604\" data-end=\"910\">La agrupaci\u00f3n pol\u00edtica Movimiento de Renovaci\u00f3n Nacional (Morena) confirm\u00f3 este sabado la postulaci\u00f3n de Eva Copa y Dami\u00e1n Condori como su binomio presidencial para las elecciones del 17 de agosto de 2025. Con este anuncio, se despejan las dudas sobre la participaci\u00f3n del partido en el proceso electoral.<\/p>\n<p class=\"\" data-start=\"912\" data-end=\"1230\">\u201cMorena no solo es Eva Copa. Somos un proyecto colectivo que busca transformar el pa\u00eds desde la inclusi\u00f3n y la meritocracia\u201d, se\u00f1al\u00f3 la alcaldesa alte\u00f1a, quien lidera la f\u00f3rmula como candidata a la Presidencia. La decisi\u00f3n fue tomada luego de una evaluaci\u00f3n interna entre los principales referentes de la organizaci\u00f3n.<\/p>\n<p class=\"\" data-start=\"1232\" data-end=\"1426\">Copa tambi\u00e9n desautoriz\u00f3 p\u00fablicamente las declaraciones de Freddy Bobar\u00edn, quien hab\u00eda afirmado que Morena no participar\u00eda en los comicios. \u201c\u00c9l no representa la voz oficial del partido\u201d, aclar\u00f3.<\/p>\n<p class=\"\" data-start=\"1428\" data-end=\"1731\">Por su parte, Dami\u00e1n Condori, actual gobernador de Chuquisaca, fue confirmado como candidato a la Vicepresidencia. Condori, quien d\u00edas atr\u00e1s expres\u00f3 su disposici\u00f3n a postular si las organizaciones sociales lo solicitaban, se defini\u00f3 como \u201cde centro izquierda\u201d y comprometido con una propuesta de cambio.<\/p>\n<p class=\"\" data-start=\"1733\" data-end=\"1968\">La dupla busca posicionarse como una alternativa renovadora en medio de la polarizaci\u00f3n pol\u00edtica. Hasta ahora, Copa no ha tenido acercamientos con otros actores como Andr\u00f3nico Rodr\u00edguez, dejando claro que Morena sigue un camino propio.<\/p>\n<p class=\"\" data-start=\"1970\" data-end=\"2178\">El plazo para la inscripci\u00f3n oficial de candidaturas ante el Tribunal Supremo Electoral vence el lunes 19 de mayo, por lo que la confirmaci\u00f3n de esta f\u00f3rmula ocurre en la recta final del calendario electoral.<\/p>\n","protected":false},"excerpt":{"rendered":"<p>Morena oficializa su participaci\u00f3n electoral con la dupla Eva Copa &#8211; Dami\u00e1n Condori, confirmando su&#8230;<\/p>\n","protected":false},"author":1,"featured_media":916,"comment_status":"closed","ping_status":"open","sticky":false,"template":"","format":"standard","meta":{"footnotes":""},"categories":[41,43],"tags":[],"class_list":["post-915","post","type-post","status-publish","format-standard","has-post-thumbnail","hentry","category-electoral","category-politica"],"featured_image_urls":{"full":["https:\/\/capitalfmbolivia.com\/web\/wp-content\/uploads\/2025\/05\/490351840_1107475748092676_2535889643050054314_n.jpg",960,640,false],"thumbnail":["https:\/\/capitalfmbolivia.com\/web\/wp-content\/uploads\/2025\/05\/490351840_1107475748092676_2535889643050054314_n-150x150.jpg",150,150,true],"medium":["https:\/\/capitalfmbolivia.com\/web\/wp-content\/uploads\/2025\/05\/490351840_1107475748092676_2535889643050054314_n-300x200.jpg",300,200,true],"medium_large":["https:\/\/capitalfmbolivia.com\/web\/wp-content\/uploads\/2025\/05\/490351840_1107475748092676_2535889643050054314_n-768x512.jpg",640,427,true],"large":["https:\/\/capitalfmbolivia.com\/web\/wp-content\/uploads\/2025\/05\/490351840_1107475748092676_2535889643050054314_n.jpg",640,427,false],"1536x1536":["https:\/\/capitalfmbolivia.com\/web\/wp-content\/uploads\/2025\/05\/490351840_1107475748092676_2535889643050054314_n.jpg",960,640,false],"2048x2048":["https:\/\/capitalfmbolivia.com\/web\/wp-content\/uploads\/2025\/05\/490351840_1107475748092676_2535889643050054314_n.jpg",960,640,false],"newsphere-slider-full":["https:\/\/capitalfmbolivia.com\/web\/wp-content\/uploads\/2025\/05\/490351840_1107475748092676_2535889643050054314_n.jpg",960,640,false],"newsphere-featured":["https:\/\/capitalfmbolivia.com\/web\/wp-content\/uploads\/2025\/05\/490351840_1107475748092676_2535889643050054314_n.jpg",960,640,false],"newsphere-medium":["https:\/\/capitalfmbolivia.com\/web\/wp-content\/uploads\/2025\/05\/490351840_1107475748092676_2535889643050054314_n-720x380.jpg",720,380,true]},"author_info":{"display_name":"redchuqui","author_link":"https:\/\/capitalfmbolivia.com\/web\/author\/redchuqui\/"},"category_info":"<a href=\"https:\/\/capitalfmbolivia.com\/web\/category\/nacional\/electoral\/\" rel=\"category tag\">Electoral<\/a> <a href=\"https:\/\/capitalfmbolivia.com\/web\/category\/nacional\/politica\/\" rel=\"category tag\">Politica<\/a>","tag_info":"Politica","comment_count":"0","_links":{"self":[{"href":"https:\/\/capitalfmbolivia.com\/web\/wp-json\/wp\/v2\/posts\/915","targetHints":{"allow":["GET"]}}],"collection":[{"href":"https:\/\/capitalfmbolivia.com\/web\/wp-json\/wp\/v2\/posts"}],"about":[{"href":"https:\/\/capitalfmbolivia.com\/web\/wp-json\/wp\/v2\/types\/post"}],"author":[{"embeddable":true,"href":"https:\/\/capitalfmbolivia.com\/web\/wp-json\/wp\/v2\/users\/1"}],"replies":[{"embeddable":true,"href":"https:\/\/capitalfmbolivia.com\/web\/wp-json\/wp\/v2\/comments?post=915"}],"version-history":[{"count":1,"href":"https:\/\/capitalfmbolivia.com\/web\/wp-json\/wp\/v2\/posts\/915\/revisions"}],"predecessor-version":[{"id":917,"href":"https:\/\/capitalfmbolivia.com\/web\/wp-json\/wp\/v2\/posts\/915\/revisions\/917"}],"wp:featuredmedia":[{"embeddable":true,"href":"https:\/\/capitalfmbolivia.com\/web\/wp-json\/wp\/v2\/media\/916"}],"wp:attachment":[{"href":"https:\/\/capitalfmbolivia.com\/web\/wp-json\/wp\/v2\/media?parent=915"}],"wp:term":[{"taxonomy":"category","embeddable":true,"href":"https:\/\/capitalfmbolivia.com\/web\/wp-json\/wp\/v2\/categories?post=915"},{"taxonomy":"post_tag","embeddable":true,"href":"https:\/\/capitalfmbolivia.com\/web\/wp-json\/wp\/v2\/tags?post=915"}],"curies":[{"name":"wp","href":"https:\/\/api.w.org\/{rel}","templated":true}]}}