{"id":918,"date":"2025-05-17T19:38:40","date_gmt":"2025-05-17T23:38:40","guid":{"rendered":"https:\/\/votabolivia.com\/main\/web\/?p=918"},"modified":"2025-05-20T00:59:08","modified_gmt":"2025-05-20T04:59:08","slug":"dirigente-evista-ponciano-santos-es-enviado-a-prision-preventiva-por-seis-meses","status":"publish","type":"post","link":"https:\/\/capitalfmbolivia.com\/web\/nacional\/justicia\/2025\/05\/17\/918\/","title":{"rendered":"Dirigente evista Ponciano Santos es enviado a prisi\u00f3n preventiva por seis meses"},"content":{"rendered":"<p>El dirigente cercano a Evo Morales fue aprehendido durante una protesta y ahora deber\u00e1 cumplir detenci\u00f3n preventiva mientras avanza la investigaci\u00f3n por terrorismo y otros delitos.<!--more--><\/p>\n<p class=\"\" data-start=\"440\" data-end=\"815\">El juez Javier Vargas Arancibia, del Juzgado 2\u00ba de Instrucci\u00f3n Anticorrupci\u00f3n y Violencia de La Paz, orden\u00f3 este s\u00e1bado la detenci\u00f3n preventiva de Ponciano Santos Colque Cruz, dirigente del ala \u00abevista\u00bb del MAS, acusado por su participaci\u00f3n en los bloqueos realizados en 2024. El dirigente permanecer\u00e1 seis meses en el penal de San Pedro mientras avanzan las investigaciones.<\/p>\n<p class=\"\" data-start=\"817\" data-end=\"1154\">Santos fue imputado por los delitos de terrorismo, asociaci\u00f3n delictuosa e instigaci\u00f3n p\u00fablica a delinquir, y su audiencia de medidas cautelares se realiz\u00f3 de forma virtual durante m\u00e1s de tres horas. La determinaci\u00f3n judicial se bas\u00f3 en los riesgos procesales de fuga, falta de domicilio acreditado y posible obstaculizaci\u00f3n del proceso.<\/p>\n<p class=\"\" data-start=\"1156\" data-end=\"1495\">La defensa legal de Santos fue asumida por Evaliz Morales, hija del expresidente Evo Morales. El dirigente fue aprehendido el viernes 16 de mayo durante un mitin de simpatizantes de Morales en inmediaciones del Tribunal Supremo Electoral (TSE), donde se intentaba inscribir su candidatura presidencial para las elecciones del 17 de agosto.<\/p>\n<p class=\"\" data-start=\"1497\" data-end=\"1755\">Seg\u00fan testigos, la Polic\u00eda intervino la protesta con gases lacrim\u00f3genos cuando se rompieron los anillos de seguridad. Ponciano Santos fue detenido y trasladado a la Fuerza Especial de Lucha Contra el Crimen (Felcc), donde pas\u00f3 la noche antes de su audiencia.<\/p>\n<p class=\"\" data-start=\"1757\" data-end=\"2070\">La orden de aprehensi\u00f3n contra Santos ya estaba vigente desde 2024, cuando encabez\u00f3 movilizaciones y bloqueos en el pa\u00eds exigiendo la habilitaci\u00f3n de Evo Morales como candidato. En ese mismo contexto tambi\u00e9n se investiga al exministro Juan Ram\u00f3n Quintana, quien mantiene una orden de captura por causas similares.<\/p>\n","protected":false},"excerpt":{"rendered":"<p>El dirigente cercano a Evo Morales fue aprehendido durante una protesta y ahora deber\u00e1 cumplir&#8230;<\/p>\n","protected":false},"author":1,"featured_media":919,"comment_status":"closed","ping_status":"open","sticky":false,"template":"","format":"standard","meta":{"footnotes":""},"categories":[39,43],"tags":[80,78,84,69,81,62,82,65,83,77,85,79,68],"class_list":["post-918","post","type-post","status-publish","format-standard","has-post-thumbnail","hentry","category-justicia","category-politica","tag-bloqueos-2024","tag-detencion-preventiva","tag-dirigentes-evistas","tag-elecciones-2025","tag-evaliz-morales","tag-evo-morales","tag-justicia-boliviana","tag-lauca-n","tag-mas","tag-ponciano-santos","tag-san-pedro","tag-terrorismo","tag-tse"],"featured_image_urls":{"full":["https:\/\/capitalfmbolivia.com\/web\/wp-content\/uploads\/2025\/05\/IMG_2978.jpeg",1200,675,false],"thumbnail":["https:\/\/capitalfmbolivia.com\/web\/wp-content\/uploads\/2025\/05\/IMG_2978-150x150.jpeg",150,150,true],"medium":["https:\/\/capitalfmbolivia.com\/web\/wp-content\/uploads\/2025\/05\/IMG_2978-300x169.jpeg",300,169,true],"medium_large":["https:\/\/capitalfmbolivia.com\/web\/wp-content\/uploads\/2025\/05\/IMG_2978-768x432.jpeg",640,360,true],"large":["https:\/\/capitalfmbolivia.com\/web\/wp-content\/uploads\/2025\/05\/IMG_2978-1024x576.jpeg",640,360,true],"1536x1536":["https:\/\/capitalfmbolivia.com\/web\/wp-content\/uploads\/2025\/05\/IMG_2978.jpeg",1200,675,false],"2048x2048":["https:\/\/capitalfmbolivia.com\/web\/wp-content\/uploads\/2025\/05\/IMG_2978.jpeg",1200,675,false],"newsphere-slider-full":["https:\/\/capitalfmbolivia.com\/web\/wp-content\/uploads\/2025\/05\/IMG_2978.jpeg",1200,675,false],"newsphere-featured":["https:\/\/capitalfmbolivia.com\/web\/wp-content\/uploads\/2025\/05\/IMG_2978-1024x576.jpeg",1024,576,true],"newsphere-medium":["https:\/\/capitalfmbolivia.com\/web\/wp-content\/uploads\/2025\/05\/IMG_2978-720x380.jpeg",720,380,true]},"author_info":{"display_name":"redchuqui","author_link":"https:\/\/capitalfmbolivia.com\/web\/author\/redchuqui\/"},"category_info":"<a href=\"https:\/\/capitalfmbolivia.com\/web\/category\/nacional\/justicia\/\" rel=\"category tag\">Justicia<\/a> <a href=\"https:\/\/capitalfmbolivia.com\/web\/category\/nacional\/politica\/\" rel=\"category tag\">Politica<\/a>","tag_info":"Politica","comment_count":"0","_links":{"self":[{"href":"https:\/\/capitalfmbolivia.com\/web\/wp-json\/wp\/v2\/posts\/918","targetHints":{"allow":["GET"]}}],"collection":[{"href":"https:\/\/capitalfmbolivia.com\/web\/wp-json\/wp\/v2\/posts"}],"about":[{"href":"https:\/\/capitalfmbolivia.com\/web\/wp-json\/wp\/v2\/types\/post"}],"author":[{"embeddable":true,"href":"https:\/\/capitalfmbolivia.com\/web\/wp-json\/wp\/v2\/users\/1"}],"replies":[{"embeddable":true,"href":"https:\/\/capitalfmbolivia.com\/web\/wp-json\/wp\/v2\/comments?post=918"}],"version-history":[{"count":1,"href":"https:\/\/capitalfmbolivia.com\/web\/wp-json\/wp\/v2\/posts\/918\/revisions"}],"predecessor-version":[{"id":920,"href":"https:\/\/capitalfmbolivia.com\/web\/wp-json\/wp\/v2\/posts\/918\/revisions\/920"}],"wp:featuredmedia":[{"embeddable":true,"href":"https:\/\/capitalfmbolivia.com\/web\/wp-json\/wp\/v2\/media\/919"}],"wp:attachment":[{"href":"https:\/\/capitalfmbolivia.com\/web\/wp-json\/wp\/v2\/media?parent=918"}],"wp:term":[{"taxonomy":"category","embeddable":true,"href":"https:\/\/capitalfmbolivia.com\/web\/wp-json\/wp\/v2\/categories?post=918"},{"taxonomy":"post_tag","embeddable":true,"href":"https:\/\/capitalfmbolivia.com\/web\/wp-json\/wp\/v2\/tags?post=918"}],"curies":[{"name":"wp","href":"https:\/\/api.w.org\/{rel}","templated":true}]}}