{"id":921,"date":"2025-05-18T12:57:28","date_gmt":"2025-05-18T16:57:28","guid":{"rendered":"https:\/\/votabolivia.com\/main\/web\/?p=921"},"modified":"2025-05-20T00:59:08","modified_gmt":"2025-05-20T04:59:08","slug":"felix-patzi-confirma-a-andronico-rodriguez-como-candidato-presidencial-de-la-alianza-popular-mts","status":"publish","type":"post","link":"https:\/\/capitalfmbolivia.com\/web\/nacional\/electoral\/2025\/05\/18\/921\/","title":{"rendered":"F\u00e9lix Patzi confirma a Andr\u00f3nico Rodr\u00edguez como candidato presidencial de la Alianza Popular MTS"},"content":{"rendered":"<p class=\"\" data-start=\"301\" data-end=\"468\">El l\u00edder del MTS anunci\u00f3 con entusiasmo que Andr\u00f3nico Rodr\u00edguez acept\u00f3 encabezar la f\u00f3rmula presidencial de la Alianza Popular rumbo a las elecciones del 17 de agosto.<!--more--><\/p>\n<p class=\"\" data-start=\"510\" data-end=\"867\">El l\u00edder del Movimiento Tercer Sistema (MTS), F\u00e9lix Patzi, anunci\u00f3 este s\u00e1bado que Andr\u00f3nico Rodr\u00edguez ser\u00e1 el candidato presidencial por la alianza pol\u00edtica denominada <strong data-start=\"679\" data-end=\"698\">Alianza Popular<\/strong>, que agrupa al MTS, el Partido Socialista Revolucionario y la agrupaci\u00f3n MATE del Chaco. La decisi\u00f3n fue confirmada tras un acuerdo pol\u00edtico alcanzado entre las partes.<\/p>\n<p data-start=\"869\" data-end=\"1230\"><iframe loading=\"lazy\" title=\"YouTube video player\" src=\"https:\/\/www.youtube.com\/embed\/obOpiMote80?si=SkpdRAq_jZq2Sh2m\" width=\"560\" height=\"315\" frameborder=\"0\" allowfullscreen=\"allowfullscreen\"><\/iframe><\/p>\n<p class=\"\" data-start=\"869\" data-end=\"1230\">\u201cCon mucha alegr\u00eda y satisfacci\u00f3n, puedo decir que ya nos hemos acercado a Andr\u00f3nico. Hemos decidido conversar, firmar un acuerdo, y \u00e9l acept\u00f3 ser el candidato de esta alianza\u201d, declar\u00f3 Patzi en conferencia de prensa. A\u00f1adi\u00f3 que el binomio se inscribir\u00e1 oficialmente el domingo 19 de mayo, y que ser\u00e1 el propio Rodr\u00edguez quien elija a su acompa\u00f1ante de f\u00f3rmula.<\/p>\n<p class=\"\" data-start=\"1232\" data-end=\"1526\">El ex presidente del Senado anunciar\u00e1 tambi\u00e9n a los principales candidatos a diputados y senadores que integrar\u00e1n su propuesta pol\u00edtica. \u201cNo vamos a imponer nombres. Si elige a una mujer como vicepresidenta, tambi\u00e9n la apoyaremos firmemente. Vamos a trabajar de manera conjunta\u201d, remarc\u00f3 Patzi.<\/p>\n<p class=\"\" data-start=\"1528\" data-end=\"1920\">Rodr\u00edguez ha sido considerado en las \u00faltimas semanas como una posible figura de consenso en medio de la fractura del Movimiento Al Socialismo (MAS). Hace unos d\u00edas, en un acto en El Alto, se present\u00f3 como una alternativa de unidad, lanzando un discurso cr\u00edtico hacia el gobierno de Luis Arce y responsabiliz\u00e1ndolo por la crisis econ\u00f3mica y la expansi\u00f3n de la corrupci\u00f3n en entidades p\u00fablicas.<\/p>\n<p class=\"\" data-start=\"1922\" data-end=\"2255\">Con una trayectoria que comenz\u00f3 en las Seis Federaciones del Tr\u00f3pico de Cochabamba, Rodr\u00edguez ascendi\u00f3 r\u00e1pidamente en la pol\u00edtica nacional tras la renuncia de Evo Morales en 2019. Aunque su gesti\u00f3n como presidente del Senado ha sido cuestionada por su bajo perfil legislativo, mantiene una fuerte presencia en escenarios partidarios.<\/p>\n","protected":false},"excerpt":{"rendered":"<p>El l\u00edder del MTS anunci\u00f3 con entusiasmo que Andr\u00f3nico Rodr\u00edguez acept\u00f3 encabezar la f\u00f3rmula presidencial&#8230;<\/p>\n","protected":false},"author":1,"featured_media":922,"comment_status":"closed","ping_status":"open","sticky":false,"template":"","format":"standard","meta":{"footnotes":""},"categories":[41,43],"tags":[88,86,95,90,93,94,69,87,92,83,89,91],"class_list":["post-921","post","type-post","status-publish","format-standard","has-post-thumbnail","hentry","category-electoral","category-politica","tag-alianza-popular","tag-andronico-rodriguez","tag-binomio-electoral","tag-candidatura-presidencial","tag-corrupcion","tag-crisis-economica","tag-elecciones-2025","tag-felix-patzi","tag-luis-arce","tag-mas","tag-mts","tag-unidad-politica"],"featured_image_urls":{"full":["https:\/\/capitalfmbolivia.com\/web\/wp-content\/uploads\/2025\/05\/IMG_2955-1024x6061-1.jpeg",1024,606,false],"thumbnail":["https:\/\/capitalfmbolivia.com\/web\/wp-content\/uploads\/2025\/05\/IMG_2955-1024x6061-1-150x150.jpeg",150,150,true],"medium":["https:\/\/capitalfmbolivia.com\/web\/wp-content\/uploads\/2025\/05\/IMG_2955-1024x6061-1-300x178.jpeg",300,178,true],"medium_large":["https:\/\/capitalfmbolivia.com\/web\/wp-content\/uploads\/2025\/05\/IMG_2955-1024x6061-1-768x455.jpeg",640,379,true],"large":["https:\/\/capitalfmbolivia.com\/web\/wp-content\/uploads\/2025\/05\/IMG_2955-1024x6061-1.jpeg",640,379,false],"1536x1536":["https:\/\/capitalfmbolivia.com\/web\/wp-content\/uploads\/2025\/05\/IMG_2955-1024x6061-1.jpeg",1024,606,false],"2048x2048":["https:\/\/capitalfmbolivia.com\/web\/wp-content\/uploads\/2025\/05\/IMG_2955-1024x6061-1.jpeg",1024,606,false],"newsphere-slider-full":["https:\/\/capitalfmbolivia.com\/web\/wp-content\/uploads\/2025\/05\/IMG_2955-1024x6061-1.jpeg",1024,606,false],"newsphere-featured":["https:\/\/capitalfmbolivia.com\/web\/wp-content\/uploads\/2025\/05\/IMG_2955-1024x6061-1.jpeg",1024,606,false],"newsphere-medium":["https:\/\/capitalfmbolivia.com\/web\/wp-content\/uploads\/2025\/05\/IMG_2955-1024x6061-1-720x380.jpeg",720,380,true]},"author_info":{"display_name":"redchuqui","author_link":"https:\/\/capitalfmbolivia.com\/web\/author\/redchuqui\/"},"category_info":"<a href=\"https:\/\/capitalfmbolivia.com\/web\/category\/nacional\/electoral\/\" rel=\"category tag\">Electoral<\/a> <a href=\"https:\/\/capitalfmbolivia.com\/web\/category\/nacional\/politica\/\" rel=\"category tag\">Politica<\/a>","tag_info":"Politica","comment_count":"0","_links":{"self":[{"href":"https:\/\/capitalfmbolivia.com\/web\/wp-json\/wp\/v2\/posts\/921","targetHints":{"allow":["GET"]}}],"collection":[{"href":"https:\/\/capitalfmbolivia.com\/web\/wp-json\/wp\/v2\/posts"}],"about":[{"href":"https:\/\/capitalfmbolivia.com\/web\/wp-json\/wp\/v2\/types\/post"}],"author":[{"embeddable":true,"href":"https:\/\/capitalfmbolivia.com\/web\/wp-json\/wp\/v2\/users\/1"}],"replies":[{"embeddable":true,"href":"https:\/\/capitalfmbolivia.com\/web\/wp-json\/wp\/v2\/comments?post=921"}],"version-history":[{"count":2,"href":"https:\/\/capitalfmbolivia.com\/web\/wp-json\/wp\/v2\/posts\/921\/revisions"}],"predecessor-version":[{"id":924,"href":"https:\/\/capitalfmbolivia.com\/web\/wp-json\/wp\/v2\/posts\/921\/revisions\/924"}],"wp:featuredmedia":[{"embeddable":true,"href":"https:\/\/capitalfmbolivia.com\/web\/wp-json\/wp\/v2\/media\/922"}],"wp:attachment":[{"href":"https:\/\/capitalfmbolivia.com\/web\/wp-json\/wp\/v2\/media?parent=921"}],"wp:term":[{"taxonomy":"category","embeddable":true,"href":"https:\/\/capitalfmbolivia.com\/web\/wp-json\/wp\/v2\/categories?post=921"},{"taxonomy":"post_tag","embeddable":true,"href":"https:\/\/capitalfmbolivia.com\/web\/wp-json\/wp\/v2\/tags?post=921"}],"curies":[{"name":"wp","href":"https:\/\/api.w.org\/{rel}","templated":true}]}}