{"id":925,"date":"2025-05-18T13:42:52","date_gmt":"2025-05-18T17:42:52","guid":{"rendered":"https:\/\/votabolivia.com\/main\/web\/?p=925"},"modified":"2025-05-20T00:59:08","modified_gmt":"2025-05-20T04:59:08","slug":"juan-carlos-medrano-sera-el-candidato-a-la-vicepresidencia-junto-a-manfred-reyes-villa-por-apb-sumate","status":"publish","type":"post","link":"https:\/\/capitalfmbolivia.com\/web\/nacional\/electoral\/2025\/05\/18\/925\/","title":{"rendered":"Juan Carlos Medrano ser\u00e1 el candidato a la vicepresidencia junto a Manfred Reyes Villa por APB S\u00famate"},"content":{"rendered":"<p class=\"\" data-start=\"295\" data-end=\"476\">El concejal cruce\u00f1o Juan Carlos Medrano fue elegido como acompa\u00f1ante de f\u00f3rmula de Manfred Reyes Villa, en la dupla presidencial del frente APB S\u00famate para las elecciones de agosto.<!--more--><\/p>\n<p class=\"\" data-start=\"518\" data-end=\"788\">El concejal de Santa Cruz, <strong data-start=\"545\" data-end=\"568\">Juan Carlos Medrano<\/strong>, disidente de Comunidad Auton\u00f3mica, fue confirmado como el candidato a la vicepresidencia por el frente pol\u00edtico <strong data-start=\"682\" data-end=\"696\">APB S\u00famate<\/strong>, acompa\u00f1ando en la f\u00f3rmula presidencial al exalcalde de Cochabamba <strong data-start=\"764\" data-end=\"787\">Manfred Reyes Villa<\/strong>.<\/p>\n<p class=\"\" data-start=\"790\" data-end=\"1125\">La informaci\u00f3n fue proporcionada por <strong data-start=\"827\" data-end=\"845\">Mauricio Mu\u00f1oz<\/strong>, representante de la organizaci\u00f3n, quien destac\u00f3 que APB S\u00famate fue la <strong data-start=\"917\" data-end=\"1010\">primera fuerza pol\u00edtica en presentar oficialmente toda la documentaci\u00f3n de su candidatura<\/strong>, tanto en formato digital como f\u00edsico, adem\u00e1s de su programa de gobierno ante el Tribunal Supremo Electoral (TSE).<\/p>\n<p class=\"\" data-start=\"1127\" data-end=\"1309\">Mu\u00f1oz anticip\u00f3 que este lunes, en la ciudad de Cochabamba, <strong data-start=\"1186\" data-end=\"1308\">Manfred Reyes Villa presentar\u00e1 formalmente a su binomio y a todos los candidatos que integran las listas de su partido<\/strong>.<\/p>\n<p class=\"\" data-start=\"1311\" data-end=\"1573\">La postulaci\u00f3n de Medrano refuerza la presencia del oriente boliviano en la f\u00f3rmula de Reyes Villa, quien busca proyectarse como una alternativa conservadora y de derecha en el escenario pol\u00edtico nacional, con \u00e9nfasis en propuestas de unidad y gesti\u00f3n eficiente.<\/p>\n","protected":false},"excerpt":{"rendered":"<p>El concejal cruce\u00f1o Juan Carlos Medrano fue elegido como acompa\u00f1ante de f\u00f3rmula de Manfred Reyes&#8230;<\/p>\n","protected":false},"author":1,"featured_media":926,"comment_status":"closed","ping_status":"open","sticky":false,"template":"","format":"standard","meta":{"footnotes":""},"categories":[41,43],"tags":[98,99,75,102,100,69,97,96,103,101],"class_list":["post-925","post","type-post","status-publish","format-standard","has-post-thumbnail","hentry","category-electoral","category-politica","tag-apb-sumate","tag-binomio-presidencial","tag-candidatura","tag-cochabamba","tag-comunidad-autonomica","tag-elecciones-2025","tag-juan-carlos-medrano","tag-manfred-reyes-villa","tag-politica-boliviana","tag-santa-cruz"],"featured_image_urls":{"full":["https:\/\/capitalfmbolivia.com\/web\/wp-content\/uploads\/2025\/05\/476731478_474062645761395_2062752039336238698_n.jpeg",1438,957,false],"thumbnail":["https:\/\/capitalfmbolivia.com\/web\/wp-content\/uploads\/2025\/05\/476731478_474062645761395_2062752039336238698_n-150x150.jpeg",150,150,true],"medium":["https:\/\/capitalfmbolivia.com\/web\/wp-content\/uploads\/2025\/05\/476731478_474062645761395_2062752039336238698_n-300x200.jpeg",300,200,true],"medium_large":["https:\/\/capitalfmbolivia.com\/web\/wp-content\/uploads\/2025\/05\/476731478_474062645761395_2062752039336238698_n-768x511.jpeg",640,426,true],"large":["https:\/\/capitalfmbolivia.com\/web\/wp-content\/uploads\/2025\/05\/476731478_474062645761395_2062752039336238698_n-1024x681.jpeg",640,426,true],"1536x1536":["https:\/\/capitalfmbolivia.com\/web\/wp-content\/uploads\/2025\/05\/476731478_474062645761395_2062752039336238698_n.jpeg",1438,957,false],"2048x2048":["https:\/\/capitalfmbolivia.com\/web\/wp-content\/uploads\/2025\/05\/476731478_474062645761395_2062752039336238698_n.jpeg",1438,957,false],"newsphere-slider-full":["https:\/\/capitalfmbolivia.com\/web\/wp-content\/uploads\/2025\/05\/476731478_474062645761395_2062752039336238698_n-1280x720.jpeg",1280,720,true],"newsphere-featured":["https:\/\/capitalfmbolivia.com\/web\/wp-content\/uploads\/2025\/05\/476731478_474062645761395_2062752039336238698_n-1024x681.jpeg",1024,681,true],"newsphere-medium":["https:\/\/capitalfmbolivia.com\/web\/wp-content\/uploads\/2025\/05\/476731478_474062645761395_2062752039336238698_n-720x380.jpeg",720,380,true]},"author_info":{"display_name":"redchuqui","author_link":"https:\/\/capitalfmbolivia.com\/web\/author\/redchuqui\/"},"category_info":"<a href=\"https:\/\/capitalfmbolivia.com\/web\/category\/nacional\/electoral\/\" rel=\"category tag\">Electoral<\/a> <a href=\"https:\/\/capitalfmbolivia.com\/web\/category\/nacional\/politica\/\" rel=\"category tag\">Politica<\/a>","tag_info":"Politica","comment_count":"0","_links":{"self":[{"href":"https:\/\/capitalfmbolivia.com\/web\/wp-json\/wp\/v2\/posts\/925","targetHints":{"allow":["GET"]}}],"collection":[{"href":"https:\/\/capitalfmbolivia.com\/web\/wp-json\/wp\/v2\/posts"}],"about":[{"href":"https:\/\/capitalfmbolivia.com\/web\/wp-json\/wp\/v2\/types\/post"}],"author":[{"embeddable":true,"href":"https:\/\/capitalfmbolivia.com\/web\/wp-json\/wp\/v2\/users\/1"}],"replies":[{"embeddable":true,"href":"https:\/\/capitalfmbolivia.com\/web\/wp-json\/wp\/v2\/comments?post=925"}],"version-history":[{"count":1,"href":"https:\/\/capitalfmbolivia.com\/web\/wp-json\/wp\/v2\/posts\/925\/revisions"}],"predecessor-version":[{"id":927,"href":"https:\/\/capitalfmbolivia.com\/web\/wp-json\/wp\/v2\/posts\/925\/revisions\/927"}],"wp:featuredmedia":[{"embeddable":true,"href":"https:\/\/capitalfmbolivia.com\/web\/wp-json\/wp\/v2\/media\/926"}],"wp:attachment":[{"href":"https:\/\/capitalfmbolivia.com\/web\/wp-json\/wp\/v2\/media?parent=925"}],"wp:term":[{"taxonomy":"category","embeddable":true,"href":"https:\/\/capitalfmbolivia.com\/web\/wp-json\/wp\/v2\/categories?post=925"},{"taxonomy":"post_tag","embeddable":true,"href":"https:\/\/capitalfmbolivia.com\/web\/wp-json\/wp\/v2\/tags?post=925"}],"curies":[{"name":"wp","href":"https:\/\/api.w.org\/{rel}","templated":true}]}}