{"id":928,"date":"2025-05-18T17:52:23","date_gmt":"2025-05-18T21:52:23","guid":{"rendered":"https:\/\/votabolivia.com\/main\/web\/?p=928"},"modified":"2025-05-20T00:59:08","modified_gmt":"2025-05-20T04:59:08","slug":"andronico-rodriguez-elige-a-mariana-prado-como-candidata-a-la-vicepresidencia-por-el-movimiento-tercer-sistema","status":"publish","type":"post","link":"https:\/\/capitalfmbolivia.com\/web\/nacional\/electoral\/2025\/05\/18\/928\/","title":{"rendered":"Andr\u00f3nico Rodr\u00edguez elige a Mariana Prado como candidata a la Vicepresidencia por el Movimiento Tercer Sistema"},"content":{"rendered":"<p class=\"\" data-start=\"241\" data-end=\"432\">La exministra de Evo Morales y exjefa de gabinete de \u00c1lvaro Garc\u00eda Linera, Mariana Prado Noya, acompa\u00f1ar\u00e1 a Andr\u00f3nico Rodr\u00edguez en la f\u00f3rmula presidencial del Movimiento Tercer Sistema (MTS).<!--more--><\/p>\n<p class=\"\" data-start=\"474\" data-end=\"749\"><strong data-start=\"474\" data-end=\"496\">Mariana Prado Noya<\/strong>, reconocida figura pol\u00edtica y t\u00e9cnica boliviana, fue confirmada como la candidata a la <strong data-start=\"584\" data-end=\"614\">Vicepresidencia del Estado<\/strong> en la f\u00f3rmula liderada por <strong data-start=\"642\" data-end=\"665\">Andr\u00f3nico Rodr\u00edguez<\/strong>, quien postula a la presidencia por la alianza <strong data-start=\"713\" data-end=\"748\">Movimiento Tercer Sistema (MTS)<\/strong>.<\/p>\n<p class=\"\" data-start=\"751\" data-end=\"1124\">Prado fue una de las colaboradoras m\u00e1s cercanas del exvicepresidente <strong data-start=\"820\" data-end=\"844\">\u00c1lvaro Garc\u00eda Linera<\/strong>, en cuyo equipo ocup\u00f3 el cargo de jefa de gabinete durante varios a\u00f1os. Posteriormente, fue designada como <strong data-start=\"952\" data-end=\"996\">ministra de Planificaci\u00f3n del Desarrollo<\/strong> por el expresidente <strong data-start=\"1017\" data-end=\"1032\">Evo Morales<\/strong>, funci\u00f3n que desempe\u00f1\u00f3 entre 2017 y 2019, hasta la crisis pol\u00edtica de noviembre de ese a\u00f1o.<\/p>\n<p class=\"\" data-start=\"1126\" data-end=\"1296\">Actualmente, Mariana Prado se desempe\u00f1a como <strong data-start=\"1171\" data-end=\"1201\">vicepresidenta de Fonplata<\/strong>, un banco de desarrollo regional compuesto por Bolivia, Uruguay, Argentina, Brasil y Paraguay.<\/p>\n<p class=\"\" data-start=\"1298\" data-end=\"1652\">La presentaci\u00f3n oficial de la dupla <strong data-start=\"1334\" data-end=\"1353\">Rodr\u00edguez-Prado<\/strong> est\u00e1 programada para este lunes en la ciudad de <strong data-start=\"1402\" data-end=\"1412\">La Paz<\/strong>, seg\u00fan confirm\u00f3 la red <strong data-start=\"1436\" data-end=\"1443\">DTV<\/strong>. En el mismo acto se anunciar\u00e1 a <strong data-start=\"1477\" data-end=\"1497\">Mario Cronenbold<\/strong> como el <strong data-start=\"1506\" data-end=\"1534\">jefe de campa\u00f1a nacional<\/strong> del MTS, fortaleciendo la estructura electoral de este frente pol\u00edtico rumbo a los comicios del pr\u00f3ximo 17 de agosto.<\/p>\n<p class=\"\" data-start=\"1654\" data-end=\"1903\">La inclusi\u00f3n de Prado en la f\u00f3rmula busca combinar la juventud y proyecci\u00f3n pol\u00edtica de Rodr\u00edguez con la experiencia t\u00e9cnica y de gesti\u00f3n que representa la exministra, en un intento por captar tanto el voto progresista como el de sectores moderados.<\/p>\n","protected":false},"excerpt":{"rendered":"<p>La exministra de Evo Morales y exjefa de gabinete de \u00c1lvaro Garc\u00eda Linera, Mariana Prado&#8230;<\/p>\n","protected":false},"author":1,"featured_media":929,"comment_status":"closed","ping_status":"open","sticky":false,"template":"","format":"standard","meta":{"footnotes":""},"categories":[41,43],"tags":[106,86,69,62,107,104,109,105,89,103,108],"class_list":["post-928","post","type-post","status-publish","format-standard","has-post-thumbnail","hentry","category-electoral","category-politica","tag-alvaro-garcia-linera","tag-andronico-rodriguez","tag-elecciones-2025","tag-evo-morales","tag-fonplata","tag-mariana-prado","tag-mario-cronenbold","tag-movimiento-tercer-sistema","tag-mts","tag-politica-boliviana","tag-vicepresidencia"],"featured_image_urls":{"full":["https:\/\/capitalfmbolivia.com\/web\/wp-content\/uploads\/2025\/05\/prado-andronico.jpg",1280,720,false],"thumbnail":["https:\/\/capitalfmbolivia.com\/web\/wp-content\/uploads\/2025\/05\/prado-andronico-150x150.jpg",150,150,true],"medium":["https:\/\/capitalfmbolivia.com\/web\/wp-content\/uploads\/2025\/05\/prado-andronico-300x169.jpg",300,169,true],"medium_large":["https:\/\/capitalfmbolivia.com\/web\/wp-content\/uploads\/2025\/05\/prado-andronico-768x432.jpg",640,360,true],"large":["https:\/\/capitalfmbolivia.com\/web\/wp-content\/uploads\/2025\/05\/prado-andronico-1024x576.jpg",640,360,true],"1536x1536":["https:\/\/capitalfmbolivia.com\/web\/wp-content\/uploads\/2025\/05\/prado-andronico.jpg",1280,720,false],"2048x2048":["https:\/\/capitalfmbolivia.com\/web\/wp-content\/uploads\/2025\/05\/prado-andronico.jpg",1280,720,false],"newsphere-slider-full":["https:\/\/capitalfmbolivia.com\/web\/wp-content\/uploads\/2025\/05\/prado-andronico.jpg",1280,720,false],"newsphere-featured":["https:\/\/capitalfmbolivia.com\/web\/wp-content\/uploads\/2025\/05\/prado-andronico-1024x576.jpg",1024,576,true],"newsphere-medium":["https:\/\/capitalfmbolivia.com\/web\/wp-content\/uploads\/2025\/05\/prado-andronico-720x380.jpg",720,380,true]},"author_info":{"display_name":"redchuqui","author_link":"https:\/\/capitalfmbolivia.com\/web\/author\/redchuqui\/"},"category_info":"<a href=\"https:\/\/capitalfmbolivia.com\/web\/category\/nacional\/electoral\/\" rel=\"category tag\">Electoral<\/a> <a href=\"https:\/\/capitalfmbolivia.com\/web\/category\/nacional\/politica\/\" rel=\"category tag\">Politica<\/a>","tag_info":"Politica","comment_count":"0","_links":{"self":[{"href":"https:\/\/capitalfmbolivia.com\/web\/wp-json\/wp\/v2\/posts\/928","targetHints":{"allow":["GET"]}}],"collection":[{"href":"https:\/\/capitalfmbolivia.com\/web\/wp-json\/wp\/v2\/posts"}],"about":[{"href":"https:\/\/capitalfmbolivia.com\/web\/wp-json\/wp\/v2\/types\/post"}],"author":[{"embeddable":true,"href":"https:\/\/capitalfmbolivia.com\/web\/wp-json\/wp\/v2\/users\/1"}],"replies":[{"embeddable":true,"href":"https:\/\/capitalfmbolivia.com\/web\/wp-json\/wp\/v2\/comments?post=928"}],"version-history":[{"count":1,"href":"https:\/\/capitalfmbolivia.com\/web\/wp-json\/wp\/v2\/posts\/928\/revisions"}],"predecessor-version":[{"id":930,"href":"https:\/\/capitalfmbolivia.com\/web\/wp-json\/wp\/v2\/posts\/928\/revisions\/930"}],"wp:featuredmedia":[{"embeddable":true,"href":"https:\/\/capitalfmbolivia.com\/web\/wp-json\/wp\/v2\/media\/929"}],"wp:attachment":[{"href":"https:\/\/capitalfmbolivia.com\/web\/wp-json\/wp\/v2\/media?parent=928"}],"wp:term":[{"taxonomy":"category","embeddable":true,"href":"https:\/\/capitalfmbolivia.com\/web\/wp-json\/wp\/v2\/categories?post=928"},{"taxonomy":"post_tag","embeddable":true,"href":"https:\/\/capitalfmbolivia.com\/web\/wp-json\/wp\/v2\/tags?post=928"}],"curies":[{"name":"wp","href":"https:\/\/api.w.org\/{rel}","templated":true}]}}