{"id":931,"date":"2025-05-18T18:00:46","date_gmt":"2025-05-18T22:00:46","guid":{"rendered":"https:\/\/votabolivia.com\/main\/web\/?p=931"},"modified":"2025-05-20T00:59:08","modified_gmt":"2025-05-20T04:59:08","slug":"evo-morales-advierte-sobre-posible-levantamiento-popular-y-acusa-al-gobierno-de-persecucion","status":"publish","type":"post","link":"https:\/\/capitalfmbolivia.com\/web\/nacional\/politica\/2025\/05\/18\/931\/","title":{"rendered":"Evo Morales advierte sobre posible levantamiento popular y acusa al Gobierno de persecuci\u00f3n"},"content":{"rendered":"<p class=\"\" data-start=\"297\" data-end=\"483\">Durante su programa en Lauca \u00d1, el expresidente Evo Morales alert\u00f3 sobre una posible reacci\u00f3n social contra el Gobierno, al que acus\u00f3 de represi\u00f3n y de actuar bajo intereses extranjeros.<!--more--><\/p>\n<p class=\"\" data-start=\"525\" data-end=\"894\"><strong data-start=\"525\" data-end=\"540\">Evo Morales<\/strong>, expresidente del Estado Plurinacional de Bolivia, lanz\u00f3 una advertencia sobre un posible <strong data-start=\"631\" data-end=\"656\">levantamiento popular<\/strong> en respuesta a lo que considera una pol\u00edtica sistem\u00e1tica de <strong data-start=\"717\" data-end=\"741\">persecuci\u00f3n pol\u00edtica<\/strong> por parte del actual Gobierno. La declaraci\u00f3n fue realizada durante su programa radial dominical emitido desde <strong data-start=\"853\" data-end=\"864\">Lauca \u00d1<\/strong>, en el tr\u00f3pico de Cochabamba.<\/p>\n<p class=\"\" data-start=\"896\" data-end=\"1324\">El exmandatario fue especialmente cr\u00edtico con la candidatura del exministro de Gobierno <strong data-start=\"984\" data-end=\"1008\">Eduardo Del Castillo<\/strong>, a quien acus\u00f3 de ser \u201c<strong data-start=\"1032\" data-end=\"1052\">agente de la CIA<\/strong>\u201d, lo que gener\u00f3 controversia dentro y fuera del Movimiento Al Socialismo (<strong data-start=\"1127\" data-end=\"1134\">MAS<\/strong>). \u201c\u00bfC\u00f3mo un agente de la CIA va a ser candidato de izquierda?\u201d, cuestion\u00f3 Morales, reafirmando su posici\u00f3n de rechazo a las figuras que, seg\u00fan \u00e9l, buscan desplazarlo del escenario pol\u00edtico.<\/p>\n<p class=\"\" data-start=\"1326\" data-end=\"1584\">Morales tambi\u00e9n denunci\u00f3 que su trayecto hacia La Paz estuvo vigilado por <strong data-start=\"1400\" data-end=\"1434\">fuerzas policiales y militares<\/strong>, lo cual interpret\u00f3 como un intento de intimidaci\u00f3n. Asegur\u00f3 que, de ser necesario, se unir\u00eda a las movilizaciones aunque eso implicara su detenci\u00f3n.<\/p>\n<p class=\"\" data-start=\"1586\" data-end=\"1881\">En ese contexto, acus\u00f3 al Gobierno de actuar bajo los intereses del \u201c<strong data-start=\"1655\" data-end=\"1681\">imperio estadounidense<\/strong>\u201d y mencion\u00f3 operativos de inteligencia alrededor de las embajadas de Venezuela, Cuba y M\u00e9xico. \u201cAl ministro de Gobierno y a Lucho les digo: \u2018Estoy aqu\u00ed en Lauca \u00d1, no estoy en la embajada\u2019\u201d, declar\u00f3.<\/p>\n<p class=\"\" data-start=\"1883\" data-end=\"2122\">Asimismo, Morales denunci\u00f3 que las acciones del Ejecutivo muestran un perfil de \u201c<strong data-start=\"1964\" data-end=\"1983\">extrema derecha<\/strong>\u201d con actitudes \u201c<strong data-start=\"2000\" data-end=\"2024\">fascistas y racistas<\/strong>\u201d. Advirti\u00f3 que, de continuar esta l\u00ednea represiva, podr\u00eda generarse una respuesta social mayor:<\/p>\n<blockquote data-start=\"2123\" data-end=\"2234\">\n<p class=\"\" data-start=\"2125\" data-end=\"2234\">\u201cEsto va a causar un mayor levantamiento y una mayor reacci\u00f3n para defender los derechos del pueblo\u201d, afirm\u00f3.<\/p>\n<\/blockquote>\n<p class=\"\" data-start=\"2236\" data-end=\"2421\">Finalmente, reiter\u00f3 su denuncia sobre la presencia de <strong data-start=\"2290\" data-end=\"2328\">grupos de choque y francotiradores<\/strong> durante las recientes marchas, aunque no present\u00f3 pruebas para respaldar dichas acusaciones.<\/p>\n<p class=\"\" data-start=\"2423\" data-end=\"2527\">El exmandatario cerr\u00f3 su intervenci\u00f3n se\u00f1alando que no deben culparlo si el pueblo decide movilizarse:<\/p>\n<blockquote data-start=\"2528\" data-end=\"2679\">\n<p class=\"\" data-start=\"2530\" data-end=\"2679\">\u201cNo es la forma de gobernar. No se gobierna reprimiendo, se gobierna para la gente humilde, para la gente pobre que necesita de su Estado\u201d, concluy\u00f3.<\/p>\n<\/blockquote>\n","protected":false},"excerpt":{"rendered":"<p>Durante su programa en Lauca \u00d1, el expresidente Evo Morales alert\u00f3 sobre una posible reacci\u00f3n&#8230;<\/p>\n","protected":false},"author":1,"featured_media":932,"comment_status":"closed","ping_status":"open","sticky":false,"template":"","format":"standard","meta":{"footnotes":""},"categories":[43],"tags":[116,113,112,69,62,114,65,110,83,115,111],"class_list":["post-931","post","type-post","status-publish","format-standard","has-post-thumbnail","hentry","category-politica","tag-bolivia","tag-cia","tag-eduardo-del-castillo","tag-elecciones-2025","tag-evo-morales","tag-gobierno-de-luis-arce","tag-lauca-n","tag-levantamiento-popular","tag-mas","tag-movilizacion-social","tag-persecucion-politica"],"featured_image_urls":{"full":["https:\/\/capitalfmbolivia.com\/web\/wp-content\/uploads\/2025\/05\/u-expresidente-evo-morales-foto-captura_17379029341.jpg",1200,675,false],"thumbnail":["https:\/\/capitalfmbolivia.com\/web\/wp-content\/uploads\/2025\/05\/u-expresidente-evo-morales-foto-captura_17379029341-150x150.jpg",150,150,true],"medium":["https:\/\/capitalfmbolivia.com\/web\/wp-content\/uploads\/2025\/05\/u-expresidente-evo-morales-foto-captura_17379029341-300x169.jpg",300,169,true],"medium_large":["https:\/\/capitalfmbolivia.com\/web\/wp-content\/uploads\/2025\/05\/u-expresidente-evo-morales-foto-captura_17379029341-768x432.jpg",640,360,true],"large":["https:\/\/capitalfmbolivia.com\/web\/wp-content\/uploads\/2025\/05\/u-expresidente-evo-morales-foto-captura_17379029341-1024x576.jpg",640,360,true],"1536x1536":["https:\/\/capitalfmbolivia.com\/web\/wp-content\/uploads\/2025\/05\/u-expresidente-evo-morales-foto-captura_17379029341.jpg",1200,675,false],"2048x2048":["https:\/\/capitalfmbolivia.com\/web\/wp-content\/uploads\/2025\/05\/u-expresidente-evo-morales-foto-captura_17379029341.jpg",1200,675,false],"newsphere-slider-full":["https:\/\/capitalfmbolivia.com\/web\/wp-content\/uploads\/2025\/05\/u-expresidente-evo-morales-foto-captura_17379029341.jpg",1200,675,false],"newsphere-featured":["https:\/\/capitalfmbolivia.com\/web\/wp-content\/uploads\/2025\/05\/u-expresidente-evo-morales-foto-captura_17379029341-1024x576.jpg",1024,576,true],"newsphere-medium":["https:\/\/capitalfmbolivia.com\/web\/wp-content\/uploads\/2025\/05\/u-expresidente-evo-morales-foto-captura_17379029341-720x380.jpg",720,380,true]},"author_info":{"display_name":"redchuqui","author_link":"https:\/\/capitalfmbolivia.com\/web\/author\/redchuqui\/"},"category_info":"<a href=\"https:\/\/capitalfmbolivia.com\/web\/category\/nacional\/politica\/\" rel=\"category tag\">Politica<\/a>","tag_info":"Politica","comment_count":"0","_links":{"self":[{"href":"https:\/\/capitalfmbolivia.com\/web\/wp-json\/wp\/v2\/posts\/931","targetHints":{"allow":["GET"]}}],"collection":[{"href":"https:\/\/capitalfmbolivia.com\/web\/wp-json\/wp\/v2\/posts"}],"about":[{"href":"https:\/\/capitalfmbolivia.com\/web\/wp-json\/wp\/v2\/types\/post"}],"author":[{"embeddable":true,"href":"https:\/\/capitalfmbolivia.com\/web\/wp-json\/wp\/v2\/users\/1"}],"replies":[{"embeddable":true,"href":"https:\/\/capitalfmbolivia.com\/web\/wp-json\/wp\/v2\/comments?post=931"}],"version-history":[{"count":1,"href":"https:\/\/capitalfmbolivia.com\/web\/wp-json\/wp\/v2\/posts\/931\/revisions"}],"predecessor-version":[{"id":933,"href":"https:\/\/capitalfmbolivia.com\/web\/wp-json\/wp\/v2\/posts\/931\/revisions\/933"}],"wp:featuredmedia":[{"embeddable":true,"href":"https:\/\/capitalfmbolivia.com\/web\/wp-json\/wp\/v2\/media\/932"}],"wp:attachment":[{"href":"https:\/\/capitalfmbolivia.com\/web\/wp-json\/wp\/v2\/media?parent=931"}],"wp:term":[{"taxonomy":"category","embeddable":true,"href":"https:\/\/capitalfmbolivia.com\/web\/wp-json\/wp\/v2\/categories?post=931"},{"taxonomy":"post_tag","embeddable":true,"href":"https:\/\/capitalfmbolivia.com\/web\/wp-json\/wp\/v2\/tags?post=931"}],"curies":[{"name":"wp","href":"https:\/\/api.w.org\/{rel}","templated":true}]}}