{"id":938,"date":"2025-05-19T13:48:29","date_gmt":"2025-05-19T17:48:29","guid":{"rendered":"https:\/\/votabolivia.com\/main\/web\/?p=938"},"modified":"2025-05-20T00:59:08","modified_gmt":"2025-05-20T04:59:08","slug":"sala-constitucional-dispone-la-inhabilitacion-temporal-del-mts-para-las-elecciones-de-agosto","status":"publish","type":"post","link":"https:\/\/capitalfmbolivia.com\/web\/nacional\/electoral\/2025\/05\/19\/938\/","title":{"rendered":"Sala Constitucional dispone la inhabilitaci\u00f3n temporal del MTS para las elecciones de agosto"},"content":{"rendered":"<p class=\"\" data-start=\"356\" data-end=\"553\">Una sala del Tribunal Departamental de Justicia del Beni orden\u00f3 la suspensi\u00f3n provisional del Movimiento Tercer Sistema (MTS) como medida cautelar, a la espera de una audiencia clave el 21 de mayo.<!--more--><\/p>\n<p class=\"\" data-start=\"539\" data-end=\"918\">Este lunes se conoci\u00f3 que una <strong data-start=\"569\" data-end=\"640\">Sala Constitucional del Tribunal Departamental de Justicia del Beni<\/strong> dispuso la <strong data-start=\"652\" data-end=\"734\">suspensi\u00f3n provisional de la participaci\u00f3n del Movimiento Tercer Sistema (MTS)<\/strong> en las elecciones generales del 17 de agosto de 2025. La medida cautelar ordena adem\u00e1s al <strong data-start=\"825\" data-end=\"861\">Tribunal Supremo Electoral (TSE)<\/strong> <strong data-start=\"862\" data-end=\"891\">no inscribir candidaturas<\/strong> de dicho partido pol\u00edtico.<\/p>\n<p class=\"\" data-start=\"920\" data-end=\"1191\">La decisi\u00f3n surge tras la admisi\u00f3n de una <strong data-start=\"962\" data-end=\"988\">acci\u00f3n de cumplimiento<\/strong> que cuestiona presuntas <strong data-start=\"1013\" data-end=\"1075\">irregularidades en la conformaci\u00f3n de la directiva del MTS<\/strong>, partido que lidera la <strong data-start=\"1099\" data-end=\"1118\">Alianza Popular<\/strong> y que postula a <strong data-start=\"1135\" data-end=\"1190\">Andr\u00f3nico Rodr\u00edguez como candidato a la presidencia<\/strong>.<\/p>\n<p class=\"\" data-start=\"1193\" data-end=\"1257\">En el documento judicial se establece:<\/p>\n<blockquote data-start=\"1258\" data-end=\"1615\">\n<p class=\"\" data-start=\"1260\" data-end=\"1615\">\u201cSe dispone como medida cautelar la suspensi\u00f3n de la participaci\u00f3n del partido pol\u00edtico Movimiento Tercer Sistema en los comicios electorales previsto para el 17 de agosto de 2025, debiendo suspenderse la inscripci\u00f3n de candidaturas. Esta medida se dispone solo hasta la realizaci\u00f3n de la audiencia, que resuelva la presente acci\u00f3n de cumplimiento (&#8230;)\u201d.<\/p>\n<\/blockquote>\n<p class=\"\" data-start=\"1617\" data-end=\"1795\">La <strong data-start=\"1620\" data-end=\"1649\">audiencia p\u00fablica virtual<\/strong> ha sido fijada para el <strong data-start=\"1673\" data-end=\"1709\">mi\u00e9rcoles 21 de mayo a las 08:30<\/strong>, momento en el que se definir\u00e1 si se levanta o se mantiene la inhabilitaci\u00f3n del MTS.<\/p>\n<p class=\"\" data-start=\"1797\" data-end=\"1944\">Consultado sobre el tema, el secretario de C\u00e1mara del TSE, <strong data-start=\"1856\" data-end=\"1876\">Fernando Arteaga<\/strong>, indic\u00f3 que la entidad <strong data-start=\"1900\" data-end=\"1941\">a\u00fan no ha sido notificada formalmente<\/strong>.<\/p>\n<blockquote data-start=\"1945\" data-end=\"2076\">\n<p class=\"\" data-start=\"1947\" data-end=\"2076\">\u201cNo hemos sido notificados, esta alianza ya est\u00e1 registrando candidatos en el sistema. Esperaremos si hay notificaci\u00f3n\u201d, declar\u00f3.<\/p>\n<\/blockquote>\n<p class=\"\" data-start=\"2078\" data-end=\"2208\">Arteaga a\u00f1adi\u00f3 que, de llegar la notificaci\u00f3n, el caso ser\u00e1 derivado a la <strong data-start=\"2152\" data-end=\"2166\">Sala Plena<\/strong> del TSE para su an\u00e1lisis correspondiente.<\/p>\n<p class=\"\" data-start=\"2210\" data-end=\"2507\">A esto se suma otra demanda que enfrenta el MTS en la ciudad de <strong data-start=\"2274\" data-end=\"2284\">La Paz<\/strong>, donde <strong data-start=\"2292\" data-end=\"2311\">Maziel Terrazas<\/strong>, expareja del l\u00edder del partido, <strong data-start=\"2345\" data-end=\"2360\">F\u00e9lix Patzi<\/strong>, present\u00f3 una denuncia al alegar que fue <strong data-start=\"2402\" data-end=\"2428\">impedida de postularse<\/strong> como candidata, en lo que considera una vulneraci\u00f3n de sus derechos pol\u00edticos.<\/p>\n<p class=\"\" data-start=\"2509\" data-end=\"2704\">La situaci\u00f3n pone en entredicho la viabilidad de la candidatura presidencial de Andr\u00f3nico Rodr\u00edguez, quien recientemente oficializ\u00f3 a la exministra <strong data-start=\"2657\" data-end=\"2674\">Mariana Prado<\/strong> como su compa\u00f1era de f\u00f3rmula.<\/p>\n","protected":false},"excerpt":{"rendered":"<p>Una sala del Tribunal Departamental de Justicia del Beni orden\u00f3 la suspensi\u00f3n provisional del Movimiento&#8230;<\/p>\n","protected":false},"author":1,"featured_media":939,"comment_status":"closed","ping_status":"open","sticky":false,"template":"","format":"standard","meta":{"footnotes":""},"categories":[41],"tags":[86,69,104,105,89,103,117,119,118],"class_list":["post-938","post","type-post","status-publish","format-standard","has-post-thumbnail","hentry","category-electoral","tag-andronico-rodriguez","tag-elecciones-2025","tag-mariana-prado","tag-movimiento-tercer-sistema","tag-mts","tag-politica-boliviana","tag-sala-constitucional","tag-suspension-electoral","tag-tribunal-departamental-de-justicia-del-beni"],"featured_image_urls":{"full":["https:\/\/capitalfmbolivia.com\/web\/wp-content\/uploads\/2025\/05\/md1.webp",992,591,false],"thumbnail":["https:\/\/capitalfmbolivia.com\/web\/wp-content\/uploads\/2025\/05\/md1-150x150.webp",150,150,true],"medium":["https:\/\/capitalfmbolivia.com\/web\/wp-content\/uploads\/2025\/05\/md1-300x179.webp",300,179,true],"medium_large":["https:\/\/capitalfmbolivia.com\/web\/wp-content\/uploads\/2025\/05\/md1-768x458.webp",640,382,true],"large":["https:\/\/capitalfmbolivia.com\/web\/wp-content\/uploads\/2025\/05\/md1.webp",640,381,false],"1536x1536":["https:\/\/capitalfmbolivia.com\/web\/wp-content\/uploads\/2025\/05\/md1.webp",992,591,false],"2048x2048":["https:\/\/capitalfmbolivia.com\/web\/wp-content\/uploads\/2025\/05\/md1.webp",992,591,false],"newsphere-slider-full":["https:\/\/capitalfmbolivia.com\/web\/wp-content\/uploads\/2025\/05\/md1.webp",992,591,false],"newsphere-featured":["https:\/\/capitalfmbolivia.com\/web\/wp-content\/uploads\/2025\/05\/md1.webp",992,591,false],"newsphere-medium":["https:\/\/capitalfmbolivia.com\/web\/wp-content\/uploads\/2025\/05\/md1-720x380.webp",720,380,true]},"author_info":{"display_name":"redchuqui","author_link":"https:\/\/capitalfmbolivia.com\/web\/author\/redchuqui\/"},"category_info":"<a href=\"https:\/\/capitalfmbolivia.com\/web\/category\/nacional\/electoral\/\" rel=\"category tag\">Electoral<\/a>","tag_info":"Electoral","comment_count":"0","_links":{"self":[{"href":"https:\/\/capitalfmbolivia.com\/web\/wp-json\/wp\/v2\/posts\/938","targetHints":{"allow":["GET"]}}],"collection":[{"href":"https:\/\/capitalfmbolivia.com\/web\/wp-json\/wp\/v2\/posts"}],"about":[{"href":"https:\/\/capitalfmbolivia.com\/web\/wp-json\/wp\/v2\/types\/post"}],"author":[{"embeddable":true,"href":"https:\/\/capitalfmbolivia.com\/web\/wp-json\/wp\/v2\/users\/1"}],"replies":[{"embeddable":true,"href":"https:\/\/capitalfmbolivia.com\/web\/wp-json\/wp\/v2\/comments?post=938"}],"version-history":[{"count":1,"href":"https:\/\/capitalfmbolivia.com\/web\/wp-json\/wp\/v2\/posts\/938\/revisions"}],"predecessor-version":[{"id":940,"href":"https:\/\/capitalfmbolivia.com\/web\/wp-json\/wp\/v2\/posts\/938\/revisions\/940"}],"wp:featuredmedia":[{"embeddable":true,"href":"https:\/\/capitalfmbolivia.com\/web\/wp-json\/wp\/v2\/media\/939"}],"wp:attachment":[{"href":"https:\/\/capitalfmbolivia.com\/web\/wp-json\/wp\/v2\/media?parent=938"}],"wp:term":[{"taxonomy":"category","embeddable":true,"href":"https:\/\/capitalfmbolivia.com\/web\/wp-json\/wp\/v2\/categories?post=938"},{"taxonomy":"post_tag","embeddable":true,"href":"https:\/\/capitalfmbolivia.com\/web\/wp-json\/wp\/v2\/tags?post=938"}],"curies":[{"name":"wp","href":"https:\/\/api.w.org\/{rel}","templated":true}]}}