{"id":941,"date":"2025-05-19T15:12:15","date_gmt":"2025-05-19T19:12:15","guid":{"rendered":"https:\/\/votabolivia.com\/main\/web\/?p=941"},"modified":"2025-05-20T00:59:08","modified_gmt":"2025-05-20T04:59:08","slug":"evo-morales-y-wilma-alanoca-intentan-inscribir-la-dupla-rumbo-a-las-elecciones","status":"publish","type":"post","link":"https:\/\/capitalfmbolivia.com\/web\/nacional\/electoral\/2025\/05\/19\/941\/","title":{"rendered":"Evo Morales y Wilma Alanoca intentan inscribir la dupla rumbo a las elecciones"},"content":{"rendered":"<p class=\"\" data-start=\"320\" data-end=\"486\">El binomio Evo Morales\u2013Wilma Alanoca busca ser inscrito para los comicios de agosto, aunque su habilitaci\u00f3n depender\u00e1 de la evaluaci\u00f3n del Tribunal Supremo Electoral.<!--more--><\/p>\n<p class=\"\" data-start=\"528\" data-end=\"875\">El expresidente <strong data-start=\"544\" data-end=\"559\">Evo Morales<\/strong> y la concejal alte\u00f1a <strong data-start=\"581\" data-end=\"598\">Wilma Alanoca<\/strong> conforman la f\u00f3rmula presidencial, con la que pretenden participar en las elecciones generales del pr\u00f3ximo <strong data-start=\"734\" data-end=\"758\">17 de agosto de 2025<\/strong>. Sin embargo, su habilitaci\u00f3n depender\u00e1 de una <strong data-start=\"806\" data-end=\"874\">evaluaci\u00f3n formal por parte del Tribunal Supremo Electoral (TSE)<\/strong>.<\/p>\n<p data-start=\"528\" data-end=\"875\"><iframe loading=\"lazy\" title=\"YouTube video player\" src=\"https:\/\/www.youtube.com\/embed\/Alyo0RdS6OE?si=vyc_bdCFWuQtOTEI\" width=\"560\" height=\"315\" frameborder=\"0\" allowfullscreen=\"allowfullscreen\"><\/iframe><\/p>\n<p class=\"\" data-start=\"877\" data-end=\"1297\">La informaci\u00f3n surge luego de que el <strong data-start=\"914\" data-end=\"961\">Tribunal Constitucional Plurinacional (TCP)<\/strong> recordara, el pasado <strong data-start=\"983\" data-end=\"1007\">mi\u00e9rcoles 14 de mayo<\/strong>, que Morales no puede postularse nuevamente a la presidencia. No obstante, Morales insisti\u00f3 en que <strong data-start=\"1107\" data-end=\"1171\">\u00absolo el pueblo\u00bb puede pedirle que desista de su candidatura<\/strong>, rechazando as\u00ed el llamado del presidente <strong data-start=\"1214\" data-end=\"1227\">Luis Arce<\/strong>, quien renunci\u00f3 a su reelecci\u00f3n y desafi\u00f3 a Morales a hacer lo mismo.<\/p>\n<p class=\"\" data-start=\"1299\" data-end=\"1548\">Wilma Alanoca, exministra de Culturas y actual <strong data-start=\"1346\" data-end=\"1369\">concejal en El Alto<\/strong>, acompa\u00f1a la f\u00f3rmula presidencial. Su nominaci\u00f3n llama la atenci\u00f3n, ya que <strong data-start=\"1445\" data-end=\"1507\">mantuvo varias disputas p\u00fablicas con la alcaldesa Eva Copa<\/strong>, una figura clave en la pol\u00edtica alte\u00f1a.<\/p>\n<p class=\"\" data-start=\"1550\" data-end=\"1833\">En d\u00edas recientes, una marcha convocada por sectores afines a Morales concluy\u00f3 en <strong data-start=\"1632\" data-end=\"1685\">enfrentamientos violentos frente al TSE en La Paz<\/strong>, con el uso de gases lacrim\u00f3genos, lanzamiento de piedras, heridos y detenciones. Tambi\u00e9n se registraron <strong data-start=\"1791\" data-end=\"1832\">denuncias de agresiones a periodistas<\/strong>.<\/p>\n<p class=\"\" data-start=\"1835\" data-end=\"2124\">Ante el panorama de incertidumbre, el presidente del TSE, <strong data-start=\"1893\" data-end=\"1915\">\u00d3scar Hassenteufel<\/strong>, aclar\u00f3 en conferencia de prensa que <strong data-start=\"1953\" data-end=\"1995\">Morales puede solicitar su inscripci\u00f3n<\/strong> como candidato <strong data-start=\"2011\" data-end=\"2070\">si lo hace a trav\u00e9s de un partido legalmente reconocido<\/strong> y <strong data-start=\"2073\" data-end=\"2123\">presenta toda la documentaci\u00f3n exigida por ley<\/strong>.<\/p>\n<blockquote data-start=\"2126\" data-end=\"2337\">\n<p class=\"\" data-start=\"2128\" data-end=\"2337\">\u00abSi aparece con un partido y presenta los documentos que hay que presentar, ser\u00e1 registrado, y en su momento ser\u00e1 el Tribunal Electoral el que se pronuncie sobre si est\u00e1 habilitado o no\u00bb, explic\u00f3 Hassenteufel.<\/p>\n<\/blockquote>\n<p class=\"\" data-start=\"2339\" data-end=\"2540\">El <strong data-start=\"2342\" data-end=\"2387\">plazo para la inscripci\u00f3n de candidaturas<\/strong> concluye este <strong data-start=\"2402\" data-end=\"2434\">lunes 19 de mayo a las 23:59<\/strong>, mientras que la <strong data-start=\"2452\" data-end=\"2498\">lista oficial de postulaciones habilitadas<\/strong> ser\u00e1 publicada el <strong data-start=\"2517\" data-end=\"2539\">viernes 6 de junio<\/strong>.<\/p>\n","protected":false},"excerpt":{"rendered":"<p>El binomio Evo Morales\u2013Wilma Alanoca busca ser inscrito para los comicios de agosto, aunque su&#8230;<\/p>\n","protected":false},"author":1,"featured_media":942,"comment_status":"closed","ping_status":"open","sticky":false,"template":"","format":"standard","meta":{"footnotes":""},"categories":[41],"tags":[124,69,62,121,122,92,103,123,68,120],"class_list":["post-941","post","type-post","status-publish","format-standard","has-post-thumbnail","hentry","category-electoral","tag-el-alto","tag-elecciones-2025","tag-evo-morales","tag-evo-pueblo","tag-habilitacion-de-candidatos","tag-luis-arce","tag-politica-boliviana","tag-tribunal-constitucional","tag-tse","tag-wilma-alanoca"],"featured_image_urls":{"full":["https:\/\/capitalfmbolivia.com\/web\/wp-content\/uploads\/2025\/05\/evo_morales_visita_el_alto_copia_copia1.jpg",770,430,false],"thumbnail":["https:\/\/capitalfmbolivia.com\/web\/wp-content\/uploads\/2025\/05\/evo_morales_visita_el_alto_copia_copia1-150x150.jpg",150,150,true],"medium":["https:\/\/capitalfmbolivia.com\/web\/wp-content\/uploads\/2025\/05\/evo_morales_visita_el_alto_copia_copia1-300x168.jpg",300,168,true],"medium_large":["https:\/\/capitalfmbolivia.com\/web\/wp-content\/uploads\/2025\/05\/evo_morales_visita_el_alto_copia_copia1-768x429.jpg",640,358,true],"large":["https:\/\/capitalfmbolivia.com\/web\/wp-content\/uploads\/2025\/05\/evo_morales_visita_el_alto_copia_copia1.jpg",640,357,false],"1536x1536":["https:\/\/capitalfmbolivia.com\/web\/wp-content\/uploads\/2025\/05\/evo_morales_visita_el_alto_copia_copia1.jpg",770,430,false],"2048x2048":["https:\/\/capitalfmbolivia.com\/web\/wp-content\/uploads\/2025\/05\/evo_morales_visita_el_alto_copia_copia1.jpg",770,430,false],"newsphere-slider-full":["https:\/\/capitalfmbolivia.com\/web\/wp-content\/uploads\/2025\/05\/evo_morales_visita_el_alto_copia_copia1.jpg",770,430,false],"newsphere-featured":["https:\/\/capitalfmbolivia.com\/web\/wp-content\/uploads\/2025\/05\/evo_morales_visita_el_alto_copia_copia1.jpg",770,430,false],"newsphere-medium":["https:\/\/capitalfmbolivia.com\/web\/wp-content\/uploads\/2025\/05\/evo_morales_visita_el_alto_copia_copia1-720x380.jpg",720,380,true]},"author_info":{"display_name":"redchuqui","author_link":"https:\/\/capitalfmbolivia.com\/web\/author\/redchuqui\/"},"category_info":"<a href=\"https:\/\/capitalfmbolivia.com\/web\/category\/nacional\/electoral\/\" rel=\"category tag\">Electoral<\/a>","tag_info":"Electoral","comment_count":"0","_links":{"self":[{"href":"https:\/\/capitalfmbolivia.com\/web\/wp-json\/wp\/v2\/posts\/941","targetHints":{"allow":["GET"]}}],"collection":[{"href":"https:\/\/capitalfmbolivia.com\/web\/wp-json\/wp\/v2\/posts"}],"about":[{"href":"https:\/\/capitalfmbolivia.com\/web\/wp-json\/wp\/v2\/types\/post"}],"author":[{"embeddable":true,"href":"https:\/\/capitalfmbolivia.com\/web\/wp-json\/wp\/v2\/users\/1"}],"replies":[{"embeddable":true,"href":"https:\/\/capitalfmbolivia.com\/web\/wp-json\/wp\/v2\/comments?post=941"}],"version-history":[{"count":2,"href":"https:\/\/capitalfmbolivia.com\/web\/wp-json\/wp\/v2\/posts\/941\/revisions"}],"predecessor-version":[{"id":944,"href":"https:\/\/capitalfmbolivia.com\/web\/wp-json\/wp\/v2\/posts\/941\/revisions\/944"}],"wp:featuredmedia":[{"embeddable":true,"href":"https:\/\/capitalfmbolivia.com\/web\/wp-json\/wp\/v2\/media\/942"}],"wp:attachment":[{"href":"https:\/\/capitalfmbolivia.com\/web\/wp-json\/wp\/v2\/media?parent=941"}],"wp:term":[{"taxonomy":"category","embeddable":true,"href":"https:\/\/capitalfmbolivia.com\/web\/wp-json\/wp\/v2\/categories?post=941"},{"taxonomy":"post_tag","embeddable":true,"href":"https:\/\/capitalfmbolivia.com\/web\/wp-json\/wp\/v2\/tags?post=941"}],"curies":[{"name":"wp","href":"https:\/\/api.w.org\/{rel}","templated":true}]}}