{"id":948,"date":"2025-05-19T22:00:51","date_gmt":"2025-05-20T02:00:51","guid":{"rendered":"https:\/\/votabolivia.com\/main\/web\/?p=948"},"modified":"2025-05-20T00:59:08","modified_gmt":"2025-05-20T04:59:08","slug":"evistas-del-tropico-amenazan-con-impedir-las-elecciones-si-no-habilitan-a-evo-morales","status":"publish","type":"post","link":"https:\/\/capitalfmbolivia.com\/web\/nacional\/seguridad\/2025\/05\/19\/948\/","title":{"rendered":"Evistas del Tr\u00f3pico amenazan con impedir las elecciones si no habilitan a Evo Morales"},"content":{"rendered":"<p class=\"\" data-start=\"276\" data-end=\"447\">Sectores afines a Evo Morales advirtieron que no permitir\u00e1n las elecciones del 17 de agosto si el TSE no habilita su candidatura. Se anuncian bloqueos desde el 20 de mayo.<!--more--><\/p>\n<p class=\"\" data-start=\"489\" data-end=\"777\">Sectores sociales del <strong data-start=\"511\" data-end=\"536\">Tr\u00f3pico de Cochabamba<\/strong>, afines al expresidente <strong data-start=\"561\" data-end=\"576\">Evo Morales<\/strong>, advirtieron este fin de semana que <strong data-start=\"613\" data-end=\"680\">no permitir\u00e1n la realizaci\u00f3n de las elecciones del 17 de agosto<\/strong> si el Tribunal Supremo Electoral (TSE) no habilita al l\u00edder del MAS como candidato presidencial.<\/p>\n<p data-start=\"489\" data-end=\"777\"><iframe loading=\"lazy\" title=\"YouTube video player\" src=\"https:\/\/www.youtube.com\/embed\/k1vllcXvd_g?si=Ysw1wQU59cJOyg7B\" width=\"560\" height=\"315\" frameborder=\"0\" allowfullscreen=\"allowfullscreen\"><\/iframe><\/p>\n<p class=\"\" data-start=\"779\" data-end=\"1012\">En un pronunciamiento p\u00fablico, representantes de sindicatos cocaleros y organizaciones sociales anunciaron que iniciar\u00e1n <strong data-start=\"900\" data-end=\"965\">bloqueos de caminos a partir de las 0:00 del lunes 20 de mayo<\/strong>, como parte de una medida de presi\u00f3n nacional.<\/p>\n<p class=\"\" data-start=\"1014\" data-end=\"1303\">La movilizaci\u00f3n responde al retraso en la inscripci\u00f3n oficial del binomio del frente <strong data-start=\"1099\" data-end=\"1119\">\u00abEvo Pueblo FPV\u00bb<\/strong>, conformado por Evo Morales y la actual concejala alte\u00f1a <strong data-start=\"1177\" data-end=\"1194\">Wilma Alanoca<\/strong>. La alianza fue presentada formalmente ante el TSE, pero su habilitaci\u00f3n a\u00fan est\u00e1 sujeta a evaluaci\u00f3n legal.<\/p>\n<p class=\"\" data-start=\"1305\" data-end=\"1554\">\u201cSi no inscriben a nuestro hermano Evo, no habr\u00e1 elecciones en agosto\u201d, advirti\u00f3 uno de los dirigentes de base en un cabildo realizado en Lauca \u00d1. El mensaje fue replicado en redes sociales por l\u00edderes sindicales y activistas afines al exmandatario.<\/p>\n<p class=\"\" data-start=\"1556\" data-end=\"1776\">El <strong data-start=\"1559\" data-end=\"1606\">Tribunal Constitucional Plurinacional (TCP)<\/strong> emiti\u00f3 en d\u00edas recientes un fallo que impedir\u00eda la candidatura de Morales, lo que ha generado rechazo y denuncias de \u201cproscripci\u00f3n pol\u00edtica\u201d por parte de sus seguidores.<\/p>\n<p class=\"\" data-start=\"1778\" data-end=\"1991\">Por su parte, el presidente del TSE, <strong data-start=\"1815\" data-end=\"1837\">\u00d3scar Hassenteufel<\/strong>, indic\u00f3 que toda candidatura ser\u00e1 recibida si cumple con los requisitos legales, y que ser\u00e1 la Sala Plena la que tome una decisi\u00f3n sobre la habilitaci\u00f3n.<\/p>\n<p class=\"\" data-start=\"1993\" data-end=\"2181\">La amenaza de impedir las elecciones se suma a un clima pol\u00edtico cada vez m\u00e1s tenso, marcado por protestas, desaf\u00edos institucionales y divisiones dentro del Movimiento Al Socialismo (MAS).<\/p>\n","protected":false},"excerpt":{"rendered":"<p>Sectores afines a Evo Morales advirtieron que no permitir\u00e1n las elecciones del 17 de agosto&#8230;<\/p>\n","protected":false},"author":1,"featured_media":949,"comment_status":"closed","ping_status":"open","sticky":false,"template":"","format":"standard","meta":{"footnotes":""},"categories":[41,43,40],"tags":[125,102,69,62,121,127,83,103,126,68,120],"class_list":["post-948","post","type-post","status-publish","format-standard","has-post-thumbnail","hentry","category-electoral","category-politica","category-seguridad","tag-bloqueos-en-el-tropico","tag-cochabamba","tag-elecciones-2025","tag-evo-morales","tag-evo-pueblo","tag-inhabilitacion","tag-mas","tag-politica-boliviana","tag-protestas","tag-tse","tag-wilma-alanoca"],"featured_image_urls":{"full":["https:\/\/capitalfmbolivia.com\/web\/wp-content\/uploads\/2025\/05\/EVISTAS-VIGILIA.png",768,432,false],"thumbnail":["https:\/\/capitalfmbolivia.com\/web\/wp-content\/uploads\/2025\/05\/EVISTAS-VIGILIA-150x150.png",150,150,true],"medium":["https:\/\/capitalfmbolivia.com\/web\/wp-content\/uploads\/2025\/05\/EVISTAS-VIGILIA-300x169.png",300,169,true],"medium_large":["https:\/\/capitalfmbolivia.com\/web\/wp-content\/uploads\/2025\/05\/EVISTAS-VIGILIA.png",640,360,false],"large":["https:\/\/capitalfmbolivia.com\/web\/wp-content\/uploads\/2025\/05\/EVISTAS-VIGILIA.png",640,360,false],"1536x1536":["https:\/\/capitalfmbolivia.com\/web\/wp-content\/uploads\/2025\/05\/EVISTAS-VIGILIA.png",768,432,false],"2048x2048":["https:\/\/capitalfmbolivia.com\/web\/wp-content\/uploads\/2025\/05\/EVISTAS-VIGILIA.png",768,432,false],"newsphere-slider-full":["https:\/\/capitalfmbolivia.com\/web\/wp-content\/uploads\/2025\/05\/EVISTAS-VIGILIA.png",768,432,false],"newsphere-featured":["https:\/\/capitalfmbolivia.com\/web\/wp-content\/uploads\/2025\/05\/EVISTAS-VIGILIA.png",768,432,false],"newsphere-medium":["https:\/\/capitalfmbolivia.com\/web\/wp-content\/uploads\/2025\/05\/EVISTAS-VIGILIA-720x380.png",720,380,true]},"author_info":{"display_name":"redchuqui","author_link":"https:\/\/capitalfmbolivia.com\/web\/author\/redchuqui\/"},"category_info":"<a href=\"https:\/\/capitalfmbolivia.com\/web\/category\/nacional\/electoral\/\" rel=\"category tag\">Electoral<\/a> <a href=\"https:\/\/capitalfmbolivia.com\/web\/category\/nacional\/politica\/\" rel=\"category tag\">Politica<\/a> <a href=\"https:\/\/capitalfmbolivia.com\/web\/category\/nacional\/seguridad\/\" rel=\"category tag\">Seguridad<\/a>","tag_info":"Seguridad","comment_count":"0","_links":{"self":[{"href":"https:\/\/capitalfmbolivia.com\/web\/wp-json\/wp\/v2\/posts\/948","targetHints":{"allow":["GET"]}}],"collection":[{"href":"https:\/\/capitalfmbolivia.com\/web\/wp-json\/wp\/v2\/posts"}],"about":[{"href":"https:\/\/capitalfmbolivia.com\/web\/wp-json\/wp\/v2\/types\/post"}],"author":[{"embeddable":true,"href":"https:\/\/capitalfmbolivia.com\/web\/wp-json\/wp\/v2\/users\/1"}],"replies":[{"embeddable":true,"href":"https:\/\/capitalfmbolivia.com\/web\/wp-json\/wp\/v2\/comments?post=948"}],"version-history":[{"count":2,"href":"https:\/\/capitalfmbolivia.com\/web\/wp-json\/wp\/v2\/posts\/948\/revisions"}],"predecessor-version":[{"id":951,"href":"https:\/\/capitalfmbolivia.com\/web\/wp-json\/wp\/v2\/posts\/948\/revisions\/951"}],"wp:featuredmedia":[{"embeddable":true,"href":"https:\/\/capitalfmbolivia.com\/web\/wp-json\/wp\/v2\/media\/949"}],"wp:attachment":[{"href":"https:\/\/capitalfmbolivia.com\/web\/wp-json\/wp\/v2\/media?parent=948"}],"wp:term":[{"taxonomy":"category","embeddable":true,"href":"https:\/\/capitalfmbolivia.com\/web\/wp-json\/wp\/v2\/categories?post=948"},{"taxonomy":"post_tag","embeddable":true,"href":"https:\/\/capitalfmbolivia.com\/web\/wp-json\/wp\/v2\/tags?post=948"}],"curies":[{"name":"wp","href":"https:\/\/api.w.org\/{rel}","templated":true}]}}