{"id":952,"date":"2025-05-19T22:12:10","date_gmt":"2025-05-20T02:12:10","guid":{"rendered":"https:\/\/votabolivia.com\/main\/web\/?p=952"},"modified":"2025-05-24T01:13:30","modified_gmt":"2025-05-24T05:13:30","slug":"mineros-y-sectores-sociales-advierten-con-convulsion-nacional-si-el-tse-no-inscribe-a-andronico-rodriguez","status":"publish","type":"post","link":"https:\/\/capitalfmbolivia.com\/web\/nacional\/seguridad\/2025\/05\/19\/952\/","title":{"rendered":"Mineros y sectores sociales advierten con convulsi\u00f3n nacional si el TSE no inscribe a Andr\u00f3nico Rodr\u00edguez"},"content":{"rendered":"<p class=\"\" data-start=\"311\" data-end=\"548\">Fencomin y diputados del MAS alertan sobre posibles bloqueos y sublevaciones si la Alianza Popular queda fuera de las elecciones del 17 de agosto. La candidatura de Andr\u00f3nico Rodr\u00edguez est\u00e1 en riesgo por medidas judiciales contra el MTS.<!--more--><\/p>\n<p class=\"\" data-start=\"590\" data-end=\"959\">La Federaci\u00f3n Nacional de Cooperativas Mineras de Bolivia (<strong data-start=\"649\" data-end=\"661\">Fencomin<\/strong>) declar\u00f3 estado de <strong data-start=\"681\" data-end=\"704\">emergencia nacional<\/strong> y advirti\u00f3 con una <strong data-start=\"724\" data-end=\"753\">convulsi\u00f3n total del pa\u00eds<\/strong> si el <strong data-start=\"760\" data-end=\"796\">Tribunal Supremo Electoral (TSE)<\/strong> no inscribe la candidatura presidencial de <strong data-start=\"840\" data-end=\"863\">Andr\u00f3nico Rodr\u00edguez<\/strong>, postulado por la <strong data-start=\"882\" data-end=\"901\">Alianza Popular<\/strong> a trav\u00e9s del partido <strong data-start=\"923\" data-end=\"958\">Movimiento Tercer Sistema (MTS)<\/strong>.<\/p>\n<p class=\"\" data-start=\"961\" data-end=\"1213\">El presidente de Fencomin, <strong data-start=\"988\" data-end=\"1009\">Richard Cari Cari<\/strong>, lider\u00f3 una vigilia instalada este lunes en la plaza Abaroa de La Paz, frente a las oficinas del TSE, desde donde advirti\u00f3 que el sector minero \u201cno permitir\u00e1 que se juegue con el sentimiento del pueblo\u201d.<\/p>\n<blockquote data-start=\"1215\" data-end=\"1394\">\n<p class=\"\" data-start=\"1217\" data-end=\"1394\">\u201cSi nuestras elecciones son perjudicadas, vamos a llamar a convulsi\u00f3n total. Bolivia se est\u00e1 cayendo. Necesitamos elecciones y no se puede jugar con esto\u201d, declar\u00f3 el dirigente.<\/p>\n<\/blockquote>\n<p class=\"\" data-start=\"1396\" data-end=\"1766\">La reacci\u00f3n se produce tras conocerse una <strong data-start=\"1438\" data-end=\"1550\">medida cautelar dispuesta por la Sala Constitucional Primera del Tribunal Departamental de Justicia del Beni<\/strong>, que ordena al TSE <strong data-start=\"1570\" data-end=\"1623\">suspender provisionalmente la inscripci\u00f3n del MTS<\/strong>, partido que encabeza la Alianza Popular, hasta que se resuelva una acci\u00f3n de cumplimiento en audiencia p\u00fablica este <strong data-start=\"1741\" data-end=\"1765\">mi\u00e9rcoles 21 de mayo<\/strong>.<\/p>\n<h3 class=\"\" data-start=\"1768\" data-end=\"1806\">\u2696\ufe0f <strong data-start=\"1775\" data-end=\"1806\">Tensi\u00f3n pol\u00edtica y judicial<\/strong><\/h3>\n<p class=\"\" data-start=\"1807\" data-end=\"2115\">El diputado <strong data-start=\"1819\" data-end=\"1835\">Freddy L\u00f3pez<\/strong>, del ala \u201cevista\u201d del Movimiento Al Socialismo (MAS), <strong data-start=\"1890\" data-end=\"1954\">acus\u00f3 al Gobierno de estar detr\u00e1s de las acciones judiciales<\/strong> que ponen en riesgo la candidatura de Andr\u00f3nico. \u201cHabr\u00e1 sublevaci\u00f3n del pueblo si perjudican su postulaci\u00f3n. Est\u00e1n desesperados por no perder el poder\u201d, afirm\u00f3.<\/p>\n<p class=\"\" data-start=\"2117\" data-end=\"2307\">El legislador tambi\u00e9n advirti\u00f3 que \u201calgunos jueces y fiscales se est\u00e1n prestando a este juego pol\u00edtico\u201d y pidi\u00f3 al TSE \u201cactuar conforme a derecho y respetar las inscripciones ya realizadas\u201d.<\/p>\n<p class=\"\" data-start=\"2309\" data-end=\"2513\">La situaci\u00f3n ha elevado la tensi\u00f3n pol\u00edtica nacional, al sumarse a otras amenazas de protestas similares por parte de sectores afines a Evo Morales, cuyo binomio tambi\u00e9n enfrenta cuestionamientos legales.<\/p>\n","protected":false},"excerpt":{"rendered":"<p>Fencomin y diputados del MAS alertan sobre posibles bloqueos y sublevaciones si la Alianza Popular&#8230;<\/p>\n","protected":false},"author":1,"featured_media":953,"comment_status":"closed","ping_status":"open","sticky":false,"template":"","format":"standard","meta":{"footnotes":""},"categories":[41,40],"tags":[88,86,137,136,69,135,139,89,103,138,68],"class_list":["post-952","post","type-post","status-publish","format-standard","has-post-thumbnail","hentry","category-electoral","category-seguridad","tag-alianza-popular","tag-andronico-rodriguez","tag-bloqueos","tag-convulsion-social","tag-elecciones-2025","tag-fencomin","tag-freddy-lopez","tag-mts","tag-politica-boliviana","tag-tribunal-de-beni","tag-tse"],"featured_image_urls":{"full":["https:\/\/capitalfmbolivia.com\/web\/wp-content\/uploads\/2025\/05\/KDJzS2xi46LFUrEbfFIz546X6dVqMbo9yRTttfXT1.jpg",1600,1200,false],"thumbnail":["https:\/\/capitalfmbolivia.com\/web\/wp-content\/uploads\/2025\/05\/KDJzS2xi46LFUrEbfFIz546X6dVqMbo9yRTttfXT1-150x150.jpg",150,150,true],"medium":["https:\/\/capitalfmbolivia.com\/web\/wp-content\/uploads\/2025\/05\/KDJzS2xi46LFUrEbfFIz546X6dVqMbo9yRTttfXT1-300x225.jpg",300,225,true],"medium_large":["https:\/\/capitalfmbolivia.com\/web\/wp-content\/uploads\/2025\/05\/KDJzS2xi46LFUrEbfFIz546X6dVqMbo9yRTttfXT1-768x576.jpg",640,480,true],"large":["https:\/\/capitalfmbolivia.com\/web\/wp-content\/uploads\/2025\/05\/KDJzS2xi46LFUrEbfFIz546X6dVqMbo9yRTttfXT1-1024x768.jpg",640,480,true],"1536x1536":["https:\/\/capitalfmbolivia.com\/web\/wp-content\/uploads\/2025\/05\/KDJzS2xi46LFUrEbfFIz546X6dVqMbo9yRTttfXT1-1536x1152.jpg",1536,1152,true],"2048x2048":["https:\/\/capitalfmbolivia.com\/web\/wp-content\/uploads\/2025\/05\/KDJzS2xi46LFUrEbfFIz546X6dVqMbo9yRTttfXT1.jpg",1600,1200,false],"newsphere-slider-full":["https:\/\/capitalfmbolivia.com\/web\/wp-content\/uploads\/2025\/05\/KDJzS2xi46LFUrEbfFIz546X6dVqMbo9yRTttfXT1-1280x720.jpg",1280,720,true],"newsphere-featured":["https:\/\/capitalfmbolivia.com\/web\/wp-content\/uploads\/2025\/05\/KDJzS2xi46LFUrEbfFIz546X6dVqMbo9yRTttfXT1-1024x768.jpg",1024,768,true],"newsphere-medium":["https:\/\/capitalfmbolivia.com\/web\/wp-content\/uploads\/2025\/05\/KDJzS2xi46LFUrEbfFIz546X6dVqMbo9yRTttfXT1-720x380.jpg",720,380,true]},"author_info":{"display_name":"redchuqui","author_link":"https:\/\/capitalfmbolivia.com\/web\/author\/redchuqui\/"},"category_info":"<a href=\"https:\/\/capitalfmbolivia.com\/web\/category\/nacional\/electoral\/\" rel=\"category tag\">Electoral<\/a> <a href=\"https:\/\/capitalfmbolivia.com\/web\/category\/nacional\/seguridad\/\" rel=\"category tag\">Seguridad<\/a>","tag_info":"Seguridad","comment_count":"0","_links":{"self":[{"href":"https:\/\/capitalfmbolivia.com\/web\/wp-json\/wp\/v2\/posts\/952","targetHints":{"allow":["GET"]}}],"collection":[{"href":"https:\/\/capitalfmbolivia.com\/web\/wp-json\/wp\/v2\/posts"}],"about":[{"href":"https:\/\/capitalfmbolivia.com\/web\/wp-json\/wp\/v2\/types\/post"}],"author":[{"embeddable":true,"href":"https:\/\/capitalfmbolivia.com\/web\/wp-json\/wp\/v2\/users\/1"}],"replies":[{"embeddable":true,"href":"https:\/\/capitalfmbolivia.com\/web\/wp-json\/wp\/v2\/comments?post=952"}],"version-history":[{"count":1,"href":"https:\/\/capitalfmbolivia.com\/web\/wp-json\/wp\/v2\/posts\/952\/revisions"}],"predecessor-version":[{"id":954,"href":"https:\/\/capitalfmbolivia.com\/web\/wp-json\/wp\/v2\/posts\/952\/revisions\/954"}],"wp:featuredmedia":[{"embeddable":true,"href":"https:\/\/capitalfmbolivia.com\/web\/wp-json\/wp\/v2\/media\/953"}],"wp:attachment":[{"href":"https:\/\/capitalfmbolivia.com\/web\/wp-json\/wp\/v2\/media?parent=952"}],"wp:term":[{"taxonomy":"category","embeddable":true,"href":"https:\/\/capitalfmbolivia.com\/web\/wp-json\/wp\/v2\/categories?post=952"},{"taxonomy":"post_tag","embeddable":true,"href":"https:\/\/capitalfmbolivia.com\/web\/wp-json\/wp\/v2\/tags?post=952"}],"curies":[{"name":"wp","href":"https:\/\/api.w.org\/{rel}","templated":true}]}}