{"id":958,"date":"2025-05-20T00:33:24","date_gmt":"2025-05-20T04:33:24","guid":{"rendered":"https:\/\/votabolivia.com\/main\/web\/?p=958"},"modified":"2025-05-24T01:13:30","modified_gmt":"2025-05-24T05:13:30","slug":"damian-condori-es-reubicado-a-chuquisaca-y-jorge-richter-sera-el-vicepresidenciable-de-eva-copa-por-morena","status":"publish","type":"post","link":"https:\/\/capitalfmbolivia.com\/web\/nacional\/electoral\/2025\/05\/20\/958\/","title":{"rendered":"Dami\u00e1n Condori es reubicado a Chuquisaca y Jorge Richter ser\u00e1 el vicepresidenciable de Eva Copa por MORENA"},"content":{"rendered":"<p class=\"\" data-start=\"271\" data-end=\"469\">La alianza MORENA define su f\u00f3rmula presidencial con Eva Copa a la cabeza y Jorge Richter como su acompa\u00f1ante a la Vicepresidencia. Dami\u00e1n Condori es desplazado a listas legislativas por Chuquisaca.<!--more--><\/p>\n<p class=\"\" data-start=\"511\" data-end=\"886\">En una decisi\u00f3n que redefine el tablero electoral rumbo a los comicios del <strong data-start=\"586\" data-end=\"610\">17 de agosto de 2025<\/strong>, la alianza pol\u00edtica <strong data-start=\"632\" data-end=\"674\">Movimiento Renovador Nacional (MORENA)<\/strong> oficializ\u00f3 este lunes a <strong data-start=\"699\" data-end=\"716\">Jorge Richter<\/strong>, exvocero presidencial, como <strong data-start=\"746\" data-end=\"780\">candidato a la Vicepresidencia<\/strong> acompa\u00f1ando a <strong data-start=\"795\" data-end=\"807\">Eva Copa<\/strong>, actual alcaldesa de El Alto y l\u00edder emergente en el \u00e1mbito pol\u00edtico nacional.<\/p>\n<p class=\"\" data-start=\"888\" data-end=\"1273\">La confirmaci\u00f3n de la dupla Copa\u2013Richter marca tambi\u00e9n un <strong data-start=\"946\" data-end=\"1009\">desplazamiento del gobernador de Chuquisaca, Dami\u00e1n Condori<\/strong>, quien inicialmente figuraba como posible acompa\u00f1ante de f\u00f3rmula de Copa. En lugar de ello, Condori fue reubicado en las <strong data-start=\"1131\" data-end=\"1169\">listas legislativas por Chuquisaca<\/strong>, donde encabezar\u00e1 las candidaturas al Senado por ese departamento, seg\u00fan fuentes cercanas a la alianza.<\/p>\n<p data-start=\"888\" data-end=\"1273\"><iframe loading=\"lazy\" title=\"YouTube video player\" src=\"https:\/\/www.youtube.com\/embed\/-xTp62N5fzs?si=1F3juGvLcVqa2Rx-\" width=\"560\" height=\"315\" frameborder=\"0\" allowfullscreen=\"allowfullscreen\"><\/iframe><\/p>\n<p class=\"\" data-start=\"1275\" data-end=\"1483\">La designaci\u00f3n de Jorge Richter busca reforzar el perfil t\u00e9cnico y comunicacional del binomio, mientras que el nuevo rol de Dami\u00e1n Condori apunta a consolidar la base territorial de MORENA en el sur del pa\u00eds.<\/p>\n<p class=\"\" data-start=\"1485\" data-end=\"1773\">Con este movimiento, la alianza liderada por Copa apuesta por una estrategia de equilibrio regional y generacional, present\u00e1ndose como una alternativa de centro frente al polarizado escenario electoral que involucra a figuras como <strong data-start=\"1716\" data-end=\"1731\">Evo Morales<\/strong>, <strong data-start=\"1733\" data-end=\"1746\">Luis Arce<\/strong> y <strong data-start=\"1749\" data-end=\"1772\">Andr\u00f3nico Rodr\u00edguez<\/strong>.<\/p>\n<p class=\"\" data-start=\"1775\" data-end=\"2009\">El <strong data-start=\"1778\" data-end=\"1872\">plazo para la inscripci\u00f3n oficial de candidaturas venc\u00eda este lunes 19 de mayo, a las 23:59<\/strong>, y se prev\u00e9 que el <strong data-start=\"1892\" data-end=\"1906\">6 de junio<\/strong> se publique la lista oficial de postulaciones habilitadas por el <strong data-start=\"1972\" data-end=\"2008\">Tribunal Supremo Electoral (TSE)<\/strong>.<\/p>\n","protected":false},"excerpt":{"rendered":"<p>La alianza MORENA define su f\u00f3rmula presidencial con Eva Copa a la cabeza y Jorge&#8230;<\/p>\n","protected":false},"author":1,"featured_media":959,"comment_status":"closed","ping_status":"open","sticky":false,"template":"","format":"standard","meta":{"footnotes":""},"categories":[41,43],"tags":[132,129,69,73,131,128,130,103,68],"class_list":["post-958","post","type-post","status-publish","format-standard","has-post-thumbnail","hentry","category-electoral","category-politica","tag-chuquisaca","tag-damian-condori","tag-elecciones-2025","tag-eva-copa","tag-formula-presidencial","tag-jorge-richter","tag-morena","tag-politica-boliviana","tag-tse"],"featured_image_urls":{"full":["https:\/\/capitalfmbolivia.com\/web\/wp-content\/uploads\/2025\/05\/Jorge-Richter-21.jpg",750,430,false],"thumbnail":["https:\/\/capitalfmbolivia.com\/web\/wp-content\/uploads\/2025\/05\/Jorge-Richter-21-150x150.jpg",150,150,true],"medium":["https:\/\/capitalfmbolivia.com\/web\/wp-content\/uploads\/2025\/05\/Jorge-Richter-21-300x172.jpg",300,172,true],"medium_large":["https:\/\/capitalfmbolivia.com\/web\/wp-content\/uploads\/2025\/05\/Jorge-Richter-21.jpg",640,367,false],"large":["https:\/\/capitalfmbolivia.com\/web\/wp-content\/uploads\/2025\/05\/Jorge-Richter-21.jpg",640,367,false],"1536x1536":["https:\/\/capitalfmbolivia.com\/web\/wp-content\/uploads\/2025\/05\/Jorge-Richter-21.jpg",750,430,false],"2048x2048":["https:\/\/capitalfmbolivia.com\/web\/wp-content\/uploads\/2025\/05\/Jorge-Richter-21.jpg",750,430,false],"newsphere-slider-full":["https:\/\/capitalfmbolivia.com\/web\/wp-content\/uploads\/2025\/05\/Jorge-Richter-21.jpg",750,430,false],"newsphere-featured":["https:\/\/capitalfmbolivia.com\/web\/wp-content\/uploads\/2025\/05\/Jorge-Richter-21.jpg",750,430,false],"newsphere-medium":["https:\/\/capitalfmbolivia.com\/web\/wp-content\/uploads\/2025\/05\/Jorge-Richter-21-720x380.jpg",720,380,true]},"author_info":{"display_name":"redchuqui","author_link":"https:\/\/capitalfmbolivia.com\/web\/author\/redchuqui\/"},"category_info":"<a href=\"https:\/\/capitalfmbolivia.com\/web\/category\/nacional\/electoral\/\" rel=\"category tag\">Electoral<\/a> <a href=\"https:\/\/capitalfmbolivia.com\/web\/category\/nacional\/politica\/\" rel=\"category tag\">Politica<\/a>","tag_info":"Politica","comment_count":"0","_links":{"self":[{"href":"https:\/\/capitalfmbolivia.com\/web\/wp-json\/wp\/v2\/posts\/958","targetHints":{"allow":["GET"]}}],"collection":[{"href":"https:\/\/capitalfmbolivia.com\/web\/wp-json\/wp\/v2\/posts"}],"about":[{"href":"https:\/\/capitalfmbolivia.com\/web\/wp-json\/wp\/v2\/types\/post"}],"author":[{"embeddable":true,"href":"https:\/\/capitalfmbolivia.com\/web\/wp-json\/wp\/v2\/users\/1"}],"replies":[{"embeddable":true,"href":"https:\/\/capitalfmbolivia.com\/web\/wp-json\/wp\/v2\/comments?post=958"}],"version-history":[{"count":2,"href":"https:\/\/capitalfmbolivia.com\/web\/wp-json\/wp\/v2\/posts\/958\/revisions"}],"predecessor-version":[{"id":966,"href":"https:\/\/capitalfmbolivia.com\/web\/wp-json\/wp\/v2\/posts\/958\/revisions\/966"}],"wp:featuredmedia":[{"embeddable":true,"href":"https:\/\/capitalfmbolivia.com\/web\/wp-json\/wp\/v2\/media\/959"}],"wp:attachment":[{"href":"https:\/\/capitalfmbolivia.com\/web\/wp-json\/wp\/v2\/media?parent=958"}],"wp:term":[{"taxonomy":"category","embeddable":true,"href":"https:\/\/capitalfmbolivia.com\/web\/wp-json\/wp\/v2\/categories?post=958"},{"taxonomy":"post_tag","embeddable":true,"href":"https:\/\/capitalfmbolivia.com\/web\/wp-json\/wp\/v2\/tags?post=958"}],"curies":[{"name":"wp","href":"https:\/\/api.w.org\/{rel}","templated":true}]}}