{"id":962,"date":"2025-05-20T00:55:29","date_gmt":"2025-05-20T04:55:29","guid":{"rendered":"https:\/\/votabolivia.com\/main\/web\/?p=962"},"modified":"2025-05-24T01:13:30","modified_gmt":"2025-05-24T05:13:30","slug":"tauhichi-dupla-morales-alanoca-no-fue-recepcionada-por-falta-de-partido-inscripcion-del-alianza-popular-queda-en-suspenso","status":"publish","type":"post","link":"https:\/\/capitalfmbolivia.com\/web\/nacional\/electoral\/2025\/05\/20\/962\/","title":{"rendered":"Tauhichi: dupla Morales\u2013Alanoca no fue recepcionada por falta de partido; inscripci\u00f3n del Alianza Popular queda en suspenso"},"content":{"rendered":"<p class=\"\" data-start=\"295\" data-end=\"576\">El vocal electoral Daniel Tauhichi aclar\u00f3 que la f\u00f3rmula de Evo Morales y Wilma Alanoca no fue recibida por el TSE por carecer de respaldo partidario. Las candidaturas de Alianza Popular s\u00ed fueron ingresadas, pero su validez queda pendiente del fallo constitucional del 21 de mayo.<!--more--><\/p>\n<p class=\"\" data-start=\"618\" data-end=\"929\">El vocal del <strong data-start=\"631\" data-end=\"667\">Tribunal Supremo Electoral (TSE)<\/strong>, <strong data-start=\"669\" data-end=\"688\">Daniel Tauhichi<\/strong>, confirm\u00f3 este lunes que la <strong data-start=\"717\" data-end=\"769\">dupla conformada por Evo Morales y Wilma Alanoca<\/strong> no fue recepcionada oficialmente para los comicios del 17 de agosto, debido a que no fue presentada <strong data-start=\"870\" data-end=\"928\">a trav\u00e9s de un partido o alianza legalmente registrada<\/strong>.<\/p>\n<p class=\"\" data-start=\"931\" data-end=\"1103\">\u201cNo se puede recepcionar una candidatura que no llega mediante una organizaci\u00f3n pol\u00edtica reconocida. No ingres\u00f3 al sistema\u201d, explic\u00f3 Tauhichi en declaraciones a los medios.<\/p>\n<p data-start=\"931\" data-end=\"1103\"><iframe loading=\"lazy\" title=\"YouTube video player\" src=\"https:\/\/www.youtube.com\/embed\/VmWg7GNuc6k?si=M9s0GWJmtuXIhHqy\" width=\"560\" height=\"315\" frameborder=\"0\" allowfullscreen=\"allowfullscreen\"><\/iframe><\/p>\n<p class=\"\" data-start=\"1105\" data-end=\"1630\">En contraste, el vocal indic\u00f3 que <strong data-start=\"1139\" data-end=\"1271\">la Alianza Popular \u2014que incluye al Movimiento Tercer Sistema (MTS) y postula a Andr\u00f3nico Rodr\u00edguez\u2014 s\u00ed present\u00f3 sus candidaturas<\/strong>, las cuales <strong data-start=\"1284\" data-end=\"1308\">fueron recepcionadas<\/strong> dentro del sistema del TSE. Sin embargo, <strong data-start=\"1350\" data-end=\"1417\">la inscripci\u00f3n oficial de estas postulaciones queda en suspenso<\/strong>, a la espera de la resoluci\u00f3n de la <strong data-start=\"1454\" data-end=\"1486\">Sala Constitucional del Beni<\/strong>, que este <strong data-start=\"1497\" data-end=\"1521\">mi\u00e9rcoles 21 de mayo<\/strong> definir\u00e1 si mantiene o revoca la medida cautelar que impide temporalmente al MTS participar en los comicios.<\/p>\n<p class=\"\" data-start=\"1632\" data-end=\"1857\">\u201cSe ha recepcionado la inscripci\u00f3n, pero est\u00e1 sujeta a la resoluci\u00f3n de una acci\u00f3n de cumplimiento en curso. La Sala Constitucional debe pronunciarse y, seg\u00fan el resultado, el TSE tomar\u00e1 una decisi\u00f3n final\u201d, precis\u00f3 Tauhichi.<\/p>\n<p class=\"\" data-start=\"1859\" data-end=\"2060\">La situaci\u00f3n agrega incertidumbre al panorama electoral, mientras simpatizantes de ambos bloques, tanto evistas como aliados de Andr\u00f3nico Rodr\u00edguez, anuncian movilizaciones en caso de inhabilitaciones.<\/p>\n","protected":false},"excerpt":{"rendered":"<p>El vocal electoral Daniel Tauhichi aclar\u00f3 que la f\u00f3rmula de Evo Morales y Wilma Alanoca&#8230;<\/p>\n","protected":false},"author":1,"featured_media":963,"comment_status":"closed","ping_status":"open","sticky":false,"template":"","format":"standard","meta":{"footnotes":""},"categories":[41],"tags":[88,86,133,69,62,134,89,123,68,120],"class_list":["post-962","post","type-post","status-publish","format-standard","has-post-thumbnail","hentry","category-electoral","tag-alianza-popular","tag-andronico-rodriguez","tag-daniel-tauhichi","tag-elecciones-2025","tag-evo-morales","tag-habilitacion-de-candidaturas","tag-mts","tag-tribunal-constitucional","tag-tse","tag-wilma-alanoca"],"featured_image_urls":{"full":["https:\/\/capitalfmbolivia.com\/web\/wp-content\/uploads\/2025\/05\/VOCAL-TSE-TAHUICHI-QUISPE1.jpg",2048,1152,false],"thumbnail":["https:\/\/capitalfmbolivia.com\/web\/wp-content\/uploads\/2025\/05\/VOCAL-TSE-TAHUICHI-QUISPE1-150x150.jpg",150,150,true],"medium":["https:\/\/capitalfmbolivia.com\/web\/wp-content\/uploads\/2025\/05\/VOCAL-TSE-TAHUICHI-QUISPE1-300x169.jpg",300,169,true],"medium_large":["https:\/\/capitalfmbolivia.com\/web\/wp-content\/uploads\/2025\/05\/VOCAL-TSE-TAHUICHI-QUISPE1-768x432.jpg",640,360,true],"large":["https:\/\/capitalfmbolivia.com\/web\/wp-content\/uploads\/2025\/05\/VOCAL-TSE-TAHUICHI-QUISPE1-1024x576.jpg",640,360,true],"1536x1536":["https:\/\/capitalfmbolivia.com\/web\/wp-content\/uploads\/2025\/05\/VOCAL-TSE-TAHUICHI-QUISPE1-1536x864.jpg",1536,864,true],"2048x2048":["https:\/\/capitalfmbolivia.com\/web\/wp-content\/uploads\/2025\/05\/VOCAL-TSE-TAHUICHI-QUISPE1.jpg",2048,1152,false],"newsphere-slider-full":["https:\/\/capitalfmbolivia.com\/web\/wp-content\/uploads\/2025\/05\/VOCAL-TSE-TAHUICHI-QUISPE1-1280x720.jpg",1280,720,true],"newsphere-featured":["https:\/\/capitalfmbolivia.com\/web\/wp-content\/uploads\/2025\/05\/VOCAL-TSE-TAHUICHI-QUISPE1-1024x576.jpg",1024,576,true],"newsphere-medium":["https:\/\/capitalfmbolivia.com\/web\/wp-content\/uploads\/2025\/05\/VOCAL-TSE-TAHUICHI-QUISPE1-720x380.jpg",720,380,true]},"author_info":{"display_name":"redchuqui","author_link":"https:\/\/capitalfmbolivia.com\/web\/author\/redchuqui\/"},"category_info":"<a href=\"https:\/\/capitalfmbolivia.com\/web\/category\/nacional\/electoral\/\" rel=\"category tag\">Electoral<\/a>","tag_info":"Electoral","comment_count":"0","_links":{"self":[{"href":"https:\/\/capitalfmbolivia.com\/web\/wp-json\/wp\/v2\/posts\/962","targetHints":{"allow":["GET"]}}],"collection":[{"href":"https:\/\/capitalfmbolivia.com\/web\/wp-json\/wp\/v2\/posts"}],"about":[{"href":"https:\/\/capitalfmbolivia.com\/web\/wp-json\/wp\/v2\/types\/post"}],"author":[{"embeddable":true,"href":"https:\/\/capitalfmbolivia.com\/web\/wp-json\/wp\/v2\/users\/1"}],"replies":[{"embeddable":true,"href":"https:\/\/capitalfmbolivia.com\/web\/wp-json\/wp\/v2\/comments?post=962"}],"version-history":[{"count":1,"href":"https:\/\/capitalfmbolivia.com\/web\/wp-json\/wp\/v2\/posts\/962\/revisions"}],"predecessor-version":[{"id":964,"href":"https:\/\/capitalfmbolivia.com\/web\/wp-json\/wp\/v2\/posts\/962\/revisions\/964"}],"wp:featuredmedia":[{"embeddable":true,"href":"https:\/\/capitalfmbolivia.com\/web\/wp-json\/wp\/v2\/media\/963"}],"wp:attachment":[{"href":"https:\/\/capitalfmbolivia.com\/web\/wp-json\/wp\/v2\/media?parent=962"}],"wp:term":[{"taxonomy":"category","embeddable":true,"href":"https:\/\/capitalfmbolivia.com\/web\/wp-json\/wp\/v2\/categories?post=962"},{"taxonomy":"post_tag","embeddable":true,"href":"https:\/\/capitalfmbolivia.com\/web\/wp-json\/wp\/v2\/tags?post=962"}],"curies":[{"name":"wp","href":"https:\/\/api.w.org\/{rel}","templated":true}]}}