{"id":967,"date":"2025-05-20T01:29:02","date_gmt":"2025-05-20T05:29:02","guid":{"rendered":"https:\/\/votabolivia.com\/main\/web\/?p=967"},"modified":"2025-05-24T01:13:30","modified_gmt":"2025-05-24T05:13:30","slug":"peter-beckhauser-denuncia-su-exclusion-de-la-alianza-unidad-samuel-me-saco-de-la-lista-creemos-no-pudo-imponerse","status":"publish","type":"post","link":"https:\/\/capitalfmbolivia.com\/web\/nacional\/electoral\/2025\/05\/20\/967\/","title":{"rendered":"Peter Beckhauser denuncia su exclusi\u00f3n de la alianza Unidad: \u201cSamuel me sac\u00f3 de la lista, CREEMOS no pudo imponerse\u201d"},"content":{"rendered":"<p class=\"\" data-start=\"320\" data-end=\"574\">El abogado y activista, conocido por sus acciones legales contra siglas pol\u00edticas, revel\u00f3 entre l\u00e1grimas que fue retirado de la lista de candidatos de la alianza encabezada por Samuel Doria Medina, a quien acusa de dejarlo solo en su lucha contra el MAS.<!--more--><\/p>\n<p class=\"\" data-start=\"614\" data-end=\"993\">El abogado y activista <strong data-start=\"637\" data-end=\"657\">Peter Beckhauser<\/strong> rompi\u00f3 en llanto durante su participaci\u00f3n en el programa <strong data-start=\"715\" data-end=\"742\">Que No Me Pierda (QNMP)<\/strong> al revelar que fue retirado de la lista de candidatos de la alianza <strong data-start=\"811\" data-end=\"821\">Unidad<\/strong>, liderada por <strong data-start=\"836\" data-end=\"859\">Samuel Doria Medina<\/strong>. Beckhauser hab\u00eda sido propuesto como candidato <strong data-start=\"908\" data-end=\"944\">suplente a diputado plurinominal<\/strong>, pero este lunes fue notificado de su exclusi\u00f3n.<\/p>\n<p class=\"\" data-start=\"995\" data-end=\"1306\">\u201cEstoy mal, me siento impotente: me abandonaron, me dejaron solo. Me sacaron de la lista, Samuel me sac\u00f3\u201d, expres\u00f3 con visible emoci\u00f3n. \u201cLa sigla a la que me ofrecieron apoyo me abandon\u00f3. Me siento traicionado por Samuel Doria Medina\u201d, a\u00f1adi\u00f3, entre l\u00e1grimas, durante la entrevista transmitida desde Santa Cruz.<\/p>\n<p data-start=\"995\" data-end=\"1306\"><iframe loading=\"lazy\" title=\"YouTube video player\" src=\"https:\/\/www.youtube.com\/embed\/LiUj06lWlMc?si=xFQmYjV-lBzFZfym\" width=\"560\" height=\"315\" frameborder=\"0\" allowfullscreen=\"allowfullscreen\"><\/iframe><\/p>\n<p class=\"\" data-start=\"1308\" data-end=\"1851\">Beckhauser es conocido por su ofensiva legal contra partidos pol\u00edticos que, seg\u00fan sus argumentos, incumplieron disposiciones del Tribunal Supremo Electoral (TSE). Recientemente logr\u00f3 la <strong data-start=\"1494\" data-end=\"1533\">anulaci\u00f3n de la personer\u00eda jur\u00eddica<\/strong> del <strong data-start=\"1538\" data-end=\"1571\">Frente Para la Victoria (FPV)<\/strong> y del <strong data-start=\"1578\" data-end=\"1628\">Partido de Acci\u00f3n Nacional Boliviano (PAN-BOL)<\/strong>. Adem\u00e1s, inform\u00f3 que el pasado viernes present\u00f3 <strong data-start=\"1677\" data-end=\"1744\">dos nuevas demandas contra el Partido Dem\u00f3crata Cristiano (PDC)<\/strong> y el <strong data-start=\"1750\" data-end=\"1785\">Movimiento Tercer Sistema (MTS)<\/strong>, por presuntos incumplimientos reiterados a resoluciones del TSE.<\/p>\n<p class=\"\" data-start=\"1853\" data-end=\"2015\">\u201cMi lucha siempre fue contra el MAS y por depurar el sistema pol\u00edtico. Agradezco al Gobernador por el apoyo, pero esta traici\u00f3n me ha dejado devastado\u201d, concluy\u00f3.<\/p>\n","protected":false},"excerpt":{"rendered":"<p>El abogado y activista, conocido por sus acciones legales contra siglas pol\u00edticas, revel\u00f3 entre l\u00e1grimas&#8230;<\/p>\n","protected":false},"author":1,"featured_media":968,"comment_status":"closed","ping_status":"open","sticky":false,"template":"","format":"standard","meta":{"footnotes":""},"categories":[41,43],"tags":[],"class_list":["post-967","post","type-post","status-publish","format-standard","has-post-thumbnail","hentry","category-electoral","category-politica"],"featured_image_urls":{"full":["https:\/\/capitalfmbolivia.com\/web\/wp-content\/uploads\/2025\/05\/peter-beckhauser.jpg",1280,720,false],"thumbnail":["https:\/\/capitalfmbolivia.com\/web\/wp-content\/uploads\/2025\/05\/peter-beckhauser-150x150.jpg",150,150,true],"medium":["https:\/\/capitalfmbolivia.com\/web\/wp-content\/uploads\/2025\/05\/peter-beckhauser-300x169.jpg",300,169,true],"medium_large":["https:\/\/capitalfmbolivia.com\/web\/wp-content\/uploads\/2025\/05\/peter-beckhauser-768x432.jpg",640,360,true],"large":["https:\/\/capitalfmbolivia.com\/web\/wp-content\/uploads\/2025\/05\/peter-beckhauser-1024x576.jpg",640,360,true],"1536x1536":["https:\/\/capitalfmbolivia.com\/web\/wp-content\/uploads\/2025\/05\/peter-beckhauser.jpg",1280,720,false],"2048x2048":["https:\/\/capitalfmbolivia.com\/web\/wp-content\/uploads\/2025\/05\/peter-beckhauser.jpg",1280,720,false],"newsphere-slider-full":["https:\/\/capitalfmbolivia.com\/web\/wp-content\/uploads\/2025\/05\/peter-beckhauser.jpg",1280,720,false],"newsphere-featured":["https:\/\/capitalfmbolivia.com\/web\/wp-content\/uploads\/2025\/05\/peter-beckhauser-1024x576.jpg",1024,576,true],"newsphere-medium":["https:\/\/capitalfmbolivia.com\/web\/wp-content\/uploads\/2025\/05\/peter-beckhauser-720x380.jpg",720,380,true]},"author_info":{"display_name":"redchuqui","author_link":"https:\/\/capitalfmbolivia.com\/web\/author\/redchuqui\/"},"category_info":"<a href=\"https:\/\/capitalfmbolivia.com\/web\/category\/nacional\/electoral\/\" rel=\"category tag\">Electoral<\/a> <a href=\"https:\/\/capitalfmbolivia.com\/web\/category\/nacional\/politica\/\" rel=\"category tag\">Politica<\/a>","tag_info":"Politica","comment_count":"0","_links":{"self":[{"href":"https:\/\/capitalfmbolivia.com\/web\/wp-json\/wp\/v2\/posts\/967","targetHints":{"allow":["GET"]}}],"collection":[{"href":"https:\/\/capitalfmbolivia.com\/web\/wp-json\/wp\/v2\/posts"}],"about":[{"href":"https:\/\/capitalfmbolivia.com\/web\/wp-json\/wp\/v2\/types\/post"}],"author":[{"embeddable":true,"href":"https:\/\/capitalfmbolivia.com\/web\/wp-json\/wp\/v2\/users\/1"}],"replies":[{"embeddable":true,"href":"https:\/\/capitalfmbolivia.com\/web\/wp-json\/wp\/v2\/comments?post=967"}],"version-history":[{"count":1,"href":"https:\/\/capitalfmbolivia.com\/web\/wp-json\/wp\/v2\/posts\/967\/revisions"}],"predecessor-version":[{"id":969,"href":"https:\/\/capitalfmbolivia.com\/web\/wp-json\/wp\/v2\/posts\/967\/revisions\/969"}],"wp:featuredmedia":[{"embeddable":true,"href":"https:\/\/capitalfmbolivia.com\/web\/wp-json\/wp\/v2\/media\/968"}],"wp:attachment":[{"href":"https:\/\/capitalfmbolivia.com\/web\/wp-json\/wp\/v2\/media?parent=967"}],"wp:term":[{"taxonomy":"category","embeddable":true,"href":"https:\/\/capitalfmbolivia.com\/web\/wp-json\/wp\/v2\/categories?post=967"},{"taxonomy":"post_tag","embeddable":true,"href":"https:\/\/capitalfmbolivia.com\/web\/wp-json\/wp\/v2\/tags?post=967"}],"curies":[{"name":"wp","href":"https:\/\/api.w.org\/{rel}","templated":true}]}}