{"id":970,"date":"2025-05-20T15:25:28","date_gmt":"2025-05-20T19:25:28","guid":{"rendered":"https:\/\/votabolivia.com\/main\/web\/?p=970"},"modified":"2025-05-24T01:13:30","modified_gmt":"2025-05-24T05:13:30","slug":"alianza-unidad-justifica-la-exclusion-de-peter-erlwein-beckhauser-perdio-nuestra-confianza-y-judicializo-las-elecciones","status":"publish","type":"post","link":"https:\/\/capitalfmbolivia.com\/web\/nacional\/electoral\/2025\/05\/20\/970\/","title":{"rendered":"Alianza Unidad justifica la exclusi\u00f3n de Peter Erlwein Beckhauser: \u201cPerdi\u00f3 nuestra confianza y judicializ\u00f3 las elecciones\u201d"},"content":{"rendered":"<p class=\"\" data-start=\"321\" data-end=\"556\">La alianza liderada por Samuel Doria Medina explic\u00f3 que apart\u00f3 a Peter Erlwein Beckhauser de sus listas por romper el principio de no judicializar el proceso electoral. El activista respondi\u00f3 con duras acusaciones y amenazas pol\u00edticas.<!--more--><\/p>\n<p class=\"\" data-start=\"597\" data-end=\"1080\"><strong data-start=\"597\" data-end=\"632\">Santa Cruz, 20 de mayo de 2025.<\/strong> La alianza pol\u00edtica <strong data-start=\"653\" data-end=\"663\">Unidad<\/strong>, encabezada por <strong data-start=\"680\" data-end=\"703\">Samuel Doria Medina<\/strong>, confirm\u00f3 este martes que <strong data-start=\"730\" data-end=\"758\">Peter Erlwein Beckhauser<\/strong> fue excluido de su lista de candidatos rumbo a las elecciones generales del 17 de agosto. Mediante un comunicado difundido en redes sociales, la organizaci\u00f3n argument\u00f3 una \u201cp\u00e9rdida de confianza\u201d y acus\u00f3 al activista de judicializar el proceso electoral, algo que, seg\u00fan afirman, va en contra de los principios del bloque.<\/p>\n<blockquote data-start=\"1082\" data-end=\"1316\">\n<p class=\"\" data-start=\"1084\" data-end=\"1316\">\u201cInformamos a la opini\u00f3n p\u00fablica que el se\u00f1or Peter Erlwein Beckhauser fue apartado de las listas de nuestra alianza porque dej\u00f3 de merecer nuestra confianza, requisito imprescindible de toda relaci\u00f3n pol\u00edtica\u201d, se\u00f1ala el documento.<\/p>\n<\/blockquote>\n<p class=\"\" data-start=\"1318\" data-end=\"1664\">El comunicado tambi\u00e9n calific\u00f3 de \u201cshow\u201d la aparici\u00f3n de Beckhauser en televisi\u00f3n nacional, donde, visiblemente afectado, rompi\u00f3 en llanto durante el programa <strong data-start=\"1477\" data-end=\"1504\">Que No Me Pierda (QNMP)<\/strong>. Unidad sostuvo que su comportamiento fue una estrategia para desprestigiar a su candidato presidencial, y reafirm\u00f3 que su exclusi\u00f3n fue una decisi\u00f3n acertada.<\/p>\n<blockquote data-start=\"1666\" data-end=\"1879\">\n<p class=\"\" data-start=\"1668\" data-end=\"1879\">\u201cPresent\u00f3 observaciones judiciales a muchos partidos, no solo a los que \u00e9l se\u00f1ala, incluso de oposici\u00f3n democr\u00e1tica, rompiendo el principio de nuestra Unidad de no judicializar las elecciones\u201d, subraya el texto.<\/p>\n<p class=\"\" data-start=\"1668\" data-end=\"1879\"><iframe loading=\"lazy\" style=\"border: none; overflow: hidden;\" src=\"https:\/\/www.facebook.com\/plugins\/post.php?href=https%3A%2F%2Fwww.facebook.com%2Fphoto%3Ffbid%3D1099256545557833%26set%3Da.219048436911986&amp;width=500&amp;show_text=true&amp;appId=1758778655020084&amp;height=590\" width=\"500\" height=\"590\" frameborder=\"0\" scrolling=\"no\" allowfullscreen=\"allowfullscreen\"><\/iframe><\/p>\n<\/blockquote>\n<h3 class=\"\" data-start=\"1886\" data-end=\"1906\">\ud83d\udd0d <strong data-start=\"1893\" data-end=\"1906\">Contexto:<\/strong><\/h3>\n<p class=\"\" data-start=\"1908\" data-end=\"2261\">Beckhauser, abogado y activista cruce\u00f1o, hab\u00eda sido propuesto como candidato <strong data-start=\"1985\" data-end=\"2010\">suplente plurinominal<\/strong> y se encontraba en el quinto lugar de la lista seg\u00fan filtraciones recientes. Sin embargo, tras ser notificado de su exclusi\u00f3n el lunes por la ma\u00f1ana, el activista se present\u00f3 ante los medios y acus\u00f3 directamente a <strong data-start=\"2225\" data-end=\"2248\">Samuel Doria Medina<\/strong> de traici\u00f3n.<\/p>\n<blockquote data-start=\"2263\" data-end=\"2446\">\n<p class=\"\" data-start=\"2265\" data-end=\"2446\">\u201cMe dejaron solo y abandonado, Samuel es un cobarde, no lo voy a perdonar nunca. A partir de ahora se vuelve mi enemigo y lo voy a combatir en cada momento\u201d, declar\u00f3 entre l\u00e1grimas.<\/p>\n<\/blockquote>\n<p class=\"\" data-start=\"2448\" data-end=\"2824\">Beckhauser es conocido por su cruzada legal contra partidos que, seg\u00fan sus demandas, violaron resoluciones del <strong data-start=\"2559\" data-end=\"2595\">Tribunal Supremo Electoral (TSE)<\/strong>. En las \u00faltimas semanas logr\u00f3 la cancelaci\u00f3n de la personer\u00eda jur\u00eddica del <strong data-start=\"2671\" data-end=\"2704\">Frente Para la Victoria (FPV)<\/strong> y del <strong data-start=\"2711\" data-end=\"2761\">Partido de Acci\u00f3n Nacional Boliviano (PAN-BOL)<\/strong>, y ha iniciado nuevas acciones contra el <strong data-start=\"2803\" data-end=\"2810\">PDC<\/strong> y el <strong data-start=\"2816\" data-end=\"2823\">MTS<\/strong>.<\/p>\n<p class=\"\" data-start=\"2826\" data-end=\"3007\">A pesar de su exclusi\u00f3n, el activista agradeci\u00f3 al asesor de <strong data-start=\"2887\" data-end=\"2898\">Creemos<\/strong>, <strong data-start=\"2900\" data-end=\"2917\">Efra\u00edn Su\u00e1rez<\/strong>, y al <strong data-start=\"2924\" data-end=\"2968\">gobernador cruce\u00f1o Luis Fernando Camacho<\/strong>, por intentar defender su postulaci\u00f3n.<\/p>\n","protected":false},"excerpt":{"rendered":"<p>La alianza liderada por Samuel Doria Medina explic\u00f3 que apart\u00f3 a Peter Erlwein Beckhauser de&#8230;<\/p>\n","protected":false},"author":1,"featured_media":968,"comment_status":"closed","ping_status":"open","sticky":false,"template":"","format":"standard","meta":{"footnotes":""},"categories":[41],"tags":[147,69,151,150,89,149,152,148,145,68],"class_list":["post-970","post","type-post","status-publish","format-standard","has-post-thumbnail","hentry","category-electoral","tag-alianza-unidad","tag-elecciones-2025","tag-fpv","tag-judicializacion","tag-mts","tag-oposicion","tag-pan-bol","tag-peter-erlwein-beckhauser","tag-samuel-doria-medina","tag-tse"],"featured_image_urls":{"full":["https:\/\/capitalfmbolivia.com\/web\/wp-content\/uploads\/2025\/05\/peter-beckhauser.jpg",1280,720,false],"thumbnail":["https:\/\/capitalfmbolivia.com\/web\/wp-content\/uploads\/2025\/05\/peter-beckhauser-150x150.jpg",150,150,true],"medium":["https:\/\/capitalfmbolivia.com\/web\/wp-content\/uploads\/2025\/05\/peter-beckhauser-300x169.jpg",300,169,true],"medium_large":["https:\/\/capitalfmbolivia.com\/web\/wp-content\/uploads\/2025\/05\/peter-beckhauser-768x432.jpg",640,360,true],"large":["https:\/\/capitalfmbolivia.com\/web\/wp-content\/uploads\/2025\/05\/peter-beckhauser-1024x576.jpg",640,360,true],"1536x1536":["https:\/\/capitalfmbolivia.com\/web\/wp-content\/uploads\/2025\/05\/peter-beckhauser.jpg",1280,720,false],"2048x2048":["https:\/\/capitalfmbolivia.com\/web\/wp-content\/uploads\/2025\/05\/peter-beckhauser.jpg",1280,720,false],"newsphere-slider-full":["https:\/\/capitalfmbolivia.com\/web\/wp-content\/uploads\/2025\/05\/peter-beckhauser.jpg",1280,720,false],"newsphere-featured":["https:\/\/capitalfmbolivia.com\/web\/wp-content\/uploads\/2025\/05\/peter-beckhauser-1024x576.jpg",1024,576,true],"newsphere-medium":["https:\/\/capitalfmbolivia.com\/web\/wp-content\/uploads\/2025\/05\/peter-beckhauser-720x380.jpg",720,380,true]},"author_info":{"display_name":"redchuqui","author_link":"https:\/\/capitalfmbolivia.com\/web\/author\/redchuqui\/"},"category_info":"<a href=\"https:\/\/capitalfmbolivia.com\/web\/category\/nacional\/electoral\/\" rel=\"category tag\">Electoral<\/a>","tag_info":"Electoral","comment_count":"0","_links":{"self":[{"href":"https:\/\/capitalfmbolivia.com\/web\/wp-json\/wp\/v2\/posts\/970","targetHints":{"allow":["GET"]}}],"collection":[{"href":"https:\/\/capitalfmbolivia.com\/web\/wp-json\/wp\/v2\/posts"}],"about":[{"href":"https:\/\/capitalfmbolivia.com\/web\/wp-json\/wp\/v2\/types\/post"}],"author":[{"embeddable":true,"href":"https:\/\/capitalfmbolivia.com\/web\/wp-json\/wp\/v2\/users\/1"}],"replies":[{"embeddable":true,"href":"https:\/\/capitalfmbolivia.com\/web\/wp-json\/wp\/v2\/comments?post=970"}],"version-history":[{"count":2,"href":"https:\/\/capitalfmbolivia.com\/web\/wp-json\/wp\/v2\/posts\/970\/revisions"}],"predecessor-version":[{"id":972,"href":"https:\/\/capitalfmbolivia.com\/web\/wp-json\/wp\/v2\/posts\/970\/revisions\/972"}],"wp:featuredmedia":[{"embeddable":true,"href":"https:\/\/capitalfmbolivia.com\/web\/wp-json\/wp\/v2\/media\/968"}],"wp:attachment":[{"href":"https:\/\/capitalfmbolivia.com\/web\/wp-json\/wp\/v2\/media?parent=970"}],"wp:term":[{"taxonomy":"category","embeddable":true,"href":"https:\/\/capitalfmbolivia.com\/web\/wp-json\/wp\/v2\/categories?post=970"},{"taxonomy":"post_tag","embeddable":true,"href":"https:\/\/capitalfmbolivia.com\/web\/wp-json\/wp\/v2\/tags?post=970"}],"curies":[{"name":"wp","href":"https:\/\/api.w.org\/{rel}","templated":true}]}}