{"id":973,"date":"2025-05-20T15:29:52","date_gmt":"2025-05-20T19:29:52","guid":{"rendered":"https:\/\/votabolivia.com\/main\/web\/?p=973"},"modified":"2025-05-24T01:13:29","modified_gmt":"2025-05-24T05:13:29","slug":"luis-arce-postula-como-senador-por-la-paz-en-las-listas-del-mas-y-genera-criticas-en-la-oposicion","status":"publish","type":"post","link":"https:\/\/capitalfmbolivia.com\/web\/nacional\/electoral\/2025\/05\/20\/973\/","title":{"rendered":"Luis Arce postula como senador por La Paz en las listas del MAS y genera cr\u00edticas en la oposici\u00f3n"},"content":{"rendered":"<p class=\"\" data-start=\"272\" data-end=\"488\">El presidente Luis Arce Catacora aparece como candidato a primer senador por La Paz en las listas del MAS. Dirigentes del partido confirmaron su postulaci\u00f3n, mientras desde la oposici\u00f3n lo acusan de buscar impunidad.<!--more--><\/p>\n<p class=\"\" data-start=\"529\" data-end=\"842\">Luego de haber declinado una posible repostulaci\u00f3n presidencial, el mandatario boliviano <strong data-start=\"650\" data-end=\"672\">Luis Arce Catacora<\/strong> figura ahora como <strong data-start=\"691\" data-end=\"751\">candidato a primer senador por el departamento de La Paz<\/strong> en las listas del <strong data-start=\"770\" data-end=\"804\">Movimiento al Socialismo (MAS)<\/strong> para las elecciones del 17 de agosto.<\/p>\n<p class=\"\" data-start=\"844\" data-end=\"1179\">El dato fue confirmado por fuentes del partido oficialista y ratificado por <strong data-start=\"920\" data-end=\"936\">Lucio Quispe<\/strong>, ejecutivo de la <strong data-start=\"954\" data-end=\"1033\">Confederaci\u00f3n Sindical \u00danica de Trabajadores Campesinos de Bolivia (Csutcb)<\/strong>, quien respondi\u00f3 ante la consulta de la prensa: <em data-start=\"1082\" data-end=\"1178\">\u201cEl hermano Lucho creo que est\u00e1 (como candidato a senador). Seguramente el hermano est\u00e1 yendo\u201d<\/em>.<\/p>\n<p class=\"\" data-start=\"1181\" data-end=\"1416\">Durante la jornada del lunes por la noche, el presidente Arce acudi\u00f3 personalmente al <strong data-start=\"1267\" data-end=\"1303\">Tribunal Supremo Electoral (TSE)<\/strong>, donde acompa\u00f1\u00f3 al exministro de Gobierno, <strong data-start=\"1347\" data-end=\"1371\">Eduardo Del Castillo<\/strong>, durante la inscripci\u00f3n del binomio del MAS.<\/p>\n<h3 class=\"\" data-start=\"1423\" data-end=\"1462\">\u2696\ufe0f <strong data-start=\"1430\" data-end=\"1462\">Cr\u00edticas desde la oposici\u00f3n:<\/strong><\/h3>\n<p class=\"\" data-start=\"1464\" data-end=\"1683\">La presencia de Arce en las listas ha generado fuertes reacciones en sectores opositores. El diputado <strong data-start=\"1566\" data-end=\"1585\">Alejandro Reyes<\/strong> (Comunidad Ciudadana) calific\u00f3 la candidatura como un intento de \u201cbuscar protecci\u00f3n e impunidad\u201d.<\/p>\n<blockquote data-start=\"1685\" data-end=\"1857\">\n<p class=\"\" data-start=\"1687\" data-end=\"1857\"><em data-start=\"1687\" data-end=\"1849\">\u201cEst\u00e1 buscando un asiento en el Senado para evitar un juicio de responsabilidades que se le viene. Esta ha sido la gesti\u00f3n m\u00e1s nefasta en 200 a\u00f1os de historia\u201d,<\/em> afirm\u00f3.<\/p>\n<\/blockquote>\n<p class=\"\" data-start=\"1859\" data-end=\"2044\">En la misma l\u00ednea, la senadora <strong data-start=\"1890\" data-end=\"1910\">Daly Santa Mar\u00eda<\/strong> expres\u00f3 su preocupaci\u00f3n de que esta postulaci\u00f3n pueda bloquear posibles procesos judiciales en la Asamblea Legislativa Plurinacional.<\/p>\n<p class=\"\" data-start=\"2046\" data-end=\"2213\">Por su parte, el diputado <strong data-start=\"2072\" data-end=\"2091\">Alberto Astorga<\/strong> consider\u00f3 poco probable que Arce obtenga una curul, al afirmar que la candidatura de Del Castillo \u201crestar\u00e1 votos\u201d al MAS.<\/p>\n<h3 class=\"\" data-start=\"2220\" data-end=\"2257\">\ud83e\uddfe <strong data-start=\"2227\" data-end=\"2257\">Reacciones del presidente:<\/strong><\/h3>\n<p class=\"\" data-start=\"2259\" data-end=\"2491\">Tras la inscripci\u00f3n de las listas, Arce public\u00f3 un mensaje en su cuenta oficial de <strong data-start=\"2342\" data-end=\"2363\">X (antes Twitter)<\/strong> denunciando que \u201cintenciones pol\u00edticas\u201d est\u00e1n intentando perjudicar la participaci\u00f3n del MAS y otras fuerzas en las elecciones.<\/p>\n<blockquote data-start=\"2493\" data-end=\"2705\">\n<p class=\"\" data-start=\"2495\" data-end=\"2705\"><em data-start=\"2495\" data-end=\"2677\">\u201cConvocamos a que los \u00d3rganos del Estado act\u00faen en cumplimiento de sus funciones constitucionales con plena independencia. En democracia, las reglas son claras y deben respetarse\u201d,<\/em> escribi\u00f3 el jefe de Estado.<\/p>\n<\/blockquote>\n<p class=\"\" data-start=\"2707\" data-end=\"2861\">Arce tambi\u00e9n inst\u00f3 a que la disputa electoral no genere <strong data-start=\"2763\" data-end=\"2802\">inestabilidad pol\u00edtica ni econ\u00f3mica<\/strong>, reiterando su llamado al respeto del proceso democr\u00e1tico.<\/p>\n","protected":false},"excerpt":{"rendered":"<p>El presidente Luis Arce Catacora aparece como candidato a primer senador por La Paz en&#8230;<\/p>\n","protected":false},"author":1,"featured_media":792,"comment_status":"closed","ping_status":"open","sticky":false,"template":"","format":"standard","meta":{"footnotes":""},"categories":[41,43],"tags":[112,155,156,153,83,157,154,68],"class_list":["post-973","post","type-post","status-publish","format-standard","has-post-thumbnail","hentry","category-electoral","category-politica","tag-eduardo-del-castillo","tag-elecciones-bolivia","tag-la-paz","tag-luis-arce-catacora","tag-mas","tag-oposicion-boliviana","tag-senado-2025","tag-tse"],"featured_image_urls":{"full":["https:\/\/capitalfmbolivia.com\/web\/wp-content\/uploads\/2025\/02\/luis-arce-en-tarija-presidencia.jpg",1090,746,false],"thumbnail":["https:\/\/capitalfmbolivia.com\/web\/wp-content\/uploads\/2025\/02\/luis-arce-en-tarija-presidencia-150x150.jpg",150,150,true],"medium":["https:\/\/capitalfmbolivia.com\/web\/wp-content\/uploads\/2025\/02\/luis-arce-en-tarija-presidencia-300x205.jpg",300,205,true],"medium_large":["https:\/\/capitalfmbolivia.com\/web\/wp-content\/uploads\/2025\/02\/luis-arce-en-tarija-presidencia-768x526.jpg",640,438,true],"large":["https:\/\/capitalfmbolivia.com\/web\/wp-content\/uploads\/2025\/02\/luis-arce-en-tarija-presidencia-1024x701.jpg",640,438,true],"1536x1536":["https:\/\/capitalfmbolivia.com\/web\/wp-content\/uploads\/2025\/02\/luis-arce-en-tarija-presidencia.jpg",1090,746,false],"2048x2048":["https:\/\/capitalfmbolivia.com\/web\/wp-content\/uploads\/2025\/02\/luis-arce-en-tarija-presidencia.jpg",1090,746,false],"newsphere-slider-full":["https:\/\/capitalfmbolivia.com\/web\/wp-content\/uploads\/2025\/02\/luis-arce-en-tarija-presidencia-1090x720.jpg",1090,720,true],"newsphere-featured":["https:\/\/capitalfmbolivia.com\/web\/wp-content\/uploads\/2025\/02\/luis-arce-en-tarija-presidencia-1024x701.jpg",1024,701,true],"newsphere-medium":["https:\/\/capitalfmbolivia.com\/web\/wp-content\/uploads\/2025\/02\/luis-arce-en-tarija-presidencia-720x380.jpg",720,380,true]},"author_info":{"display_name":"redchuqui","author_link":"https:\/\/capitalfmbolivia.com\/web\/author\/redchuqui\/"},"category_info":"<a href=\"https:\/\/capitalfmbolivia.com\/web\/category\/nacional\/electoral\/\" rel=\"category tag\">Electoral<\/a> <a href=\"https:\/\/capitalfmbolivia.com\/web\/category\/nacional\/politica\/\" rel=\"category tag\">Politica<\/a>","tag_info":"Politica","comment_count":"0","_links":{"self":[{"href":"https:\/\/capitalfmbolivia.com\/web\/wp-json\/wp\/v2\/posts\/973","targetHints":{"allow":["GET"]}}],"collection":[{"href":"https:\/\/capitalfmbolivia.com\/web\/wp-json\/wp\/v2\/posts"}],"about":[{"href":"https:\/\/capitalfmbolivia.com\/web\/wp-json\/wp\/v2\/types\/post"}],"author":[{"embeddable":true,"href":"https:\/\/capitalfmbolivia.com\/web\/wp-json\/wp\/v2\/users\/1"}],"replies":[{"embeddable":true,"href":"https:\/\/capitalfmbolivia.com\/web\/wp-json\/wp\/v2\/comments?post=973"}],"version-history":[{"count":1,"href":"https:\/\/capitalfmbolivia.com\/web\/wp-json\/wp\/v2\/posts\/973\/revisions"}],"predecessor-version":[{"id":974,"href":"https:\/\/capitalfmbolivia.com\/web\/wp-json\/wp\/v2\/posts\/973\/revisions\/974"}],"wp:featuredmedia":[{"embeddable":true,"href":"https:\/\/capitalfmbolivia.com\/web\/wp-json\/wp\/v2\/media\/792"}],"wp:attachment":[{"href":"https:\/\/capitalfmbolivia.com\/web\/wp-json\/wp\/v2\/media?parent=973"}],"wp:term":[{"taxonomy":"category","embeddable":true,"href":"https:\/\/capitalfmbolivia.com\/web\/wp-json\/wp\/v2\/categories?post=973"},{"taxonomy":"post_tag","embeddable":true,"href":"https:\/\/capitalfmbolivia.com\/web\/wp-json\/wp\/v2\/tags?post=973"}],"curies":[{"name":"wp","href":"https:\/\/api.w.org\/{rel}","templated":true}]}}