{"id":975,"date":"2025-05-20T17:52:50","date_gmt":"2025-05-20T21:52:50","guid":{"rendered":"https:\/\/votabolivia.com\/main\/web\/?p=975"},"modified":"2025-05-24T01:13:29","modified_gmt":"2025-05-24T05:13:29","slug":"paso-la-primera-prueba-santa-cruz-de-la-sierra-sera-sede-de-la-final-de-la-conmebol-sudamericana-2025","status":"publish","type":"post","link":"https:\/\/capitalfmbolivia.com\/web\/sports\/2025\/05\/20\/975\/","title":{"rendered":"PASO LA PRIMERA PRUEBA: Santa Cruz de la Sierra ser\u00e1 sede de la final de la CONMEBOL Sudamericana 2025"},"content":{"rendered":"<p class=\"\" data-start=\"252\" data-end=\"451\">La final de la Copa Sudamericana 2025 se jugar\u00e1 por primera vez en Santa Cruz de la Sierra, Bolivia, el 22 de noviembre. El estadio Ram\u00f3n &#8216;Tahuichi&#8217; Aguilera fue aprobado tras una inspecci\u00f3n oficial.<!--more--><\/p>\n<p class=\"\" data-start=\"492\" data-end=\"768\">La <strong data-start=\"531\" data-end=\"543\">CONMEBOL<\/strong> confirm\u00f3 que la final de la <strong data-start=\"572\" data-end=\"598\">Copa Sudamericana 2025<\/strong>, tambi\u00e9n conocida como <em data-start=\"622\" data-end=\"641\">La Gran Conquista<\/em>, se disputar\u00e1 el pr\u00f3ximo <strong data-start=\"667\" data-end=\"713\">22 de noviembre en Santa Cruz de la Sierra<\/strong>, marcando un hecho hist\u00f3rico para el f\u00fatbol boliviano.<\/p>\n<p class=\"\" data-start=\"770\" data-end=\"1094\">La decisi\u00f3n fue tomada tras la aprobaci\u00f3n de la <strong data-start=\"818\" data-end=\"840\">inspecci\u00f3n t\u00e9cnica<\/strong> realizada al <strong data-start=\"854\" data-end=\"891\">estadio Ram\u00f3n \u2018Tahuichi\u2019 Aguilera<\/strong>, que actualmente se encuentra en proceso de mejoras para estar a la altura del evento continental. Bolivia ser\u00e1 sede de la final \u00fanica por segunda vez, luego de que La Paz recibiera este evento en 2004.<\/p>\n<h3 class=\"\" data-start=\"1101\" data-end=\"1144\">\ud83c\udf89 <strong data-start=\"1108\" data-end=\"1144\">Una final con doble celebraci\u00f3n:<\/strong><\/h3>\n<p class=\"\" data-start=\"1146\" data-end=\"1350\">El evento deportivo coincidir\u00e1 con el <strong data-start=\"1184\" data-end=\"1231\">Bicentenario de la Independencia de Bolivia<\/strong> y con los <strong data-start=\"1242\" data-end=\"1297\">100 a\u00f1os de la Federaci\u00f3n Boliviana de F\u00fatbol (FBF)<\/strong>, por lo que se espera una celebraci\u00f3n a gran escala.<\/p>\n<p class=\"\" data-start=\"1352\" data-end=\"1624\">Durante la inspecci\u00f3n, el <strong data-start=\"1378\" data-end=\"1402\">presidente Luis Arce<\/strong>, el <strong data-start=\"1407\" data-end=\"1454\">titular de la CONMEBOL, Alejandro Dom\u00ednguez<\/strong>, el presidente de la FBF, <strong data-start=\"1481\" data-end=\"1499\">Fernando Costa<\/strong>, y la ministra de Salud y Deportes, <strong data-start=\"1536\" data-end=\"1558\">Mar\u00eda Ren\u00e9e Castro<\/strong>, verificaron el avance de las obras de modernizaci\u00f3n del estadio.<\/p>\n<blockquote data-start=\"1626\" data-end=\"1801\">\n<p class=\"\" data-start=\"1628\" data-end=\"1801\"><em data-start=\"1628\" data-end=\"1768\">\u201cVamos a estar en condiciones de recibir la final aqu\u00ed en Santa Cruz, como homenaje al pueblo cruce\u00f1o y a todos los fan\u00e1ticos del f\u00fatbol\u201d,<\/em> declar\u00f3 el mandatario boliviano.<\/p>\n<\/blockquote>\n<h3 class=\"\" data-start=\"1808\" data-end=\"1838\">\ud83d\udcb0 <strong data-start=\"1815\" data-end=\"1838\">Inversi\u00f3n y legado:<\/strong><\/h3>\n<p class=\"\" data-start=\"1840\" data-end=\"2149\">El Gobierno boliviano est\u00e1 invirtiendo <strong data-start=\"1879\" data-end=\"1957\">m\u00e1s de 44 millones de bolivianos (aproximadamente 6,3 millones de d\u00f3lares)<\/strong> en la mejora de la infraestructura del Tahuichi Aguilera. El objetivo es no solo garantizar un espect\u00e1culo deportivo de alto nivel, sino <strong data-start=\"2095\" data-end=\"2148\">dejar un legado duradero para el deporte nacional<\/strong>.<\/p>\n<p class=\"\" data-start=\"2151\" data-end=\"2274\">Por su parte, Dom\u00ednguez agradeci\u00f3 el apoyo de las autoridades nacionales y locales, y destac\u00f3 la importancia de esta final:<\/p>\n<blockquote data-start=\"2276\" data-end=\"2479\">\n<p class=\"\" data-start=\"2278\" data-end=\"2479\"><em data-start=\"2278\" data-end=\"2469\">\u201cEste evento no ser\u00eda posible sin el compromiso del Estado. Estamos aqu\u00ed para celebrar, pero tambi\u00e9n para construir un legado para Bolivia y para todos los amantes del f\u00fatbol en Sudam\u00e9rica\u201d<\/em>, sostuvo.<\/p>\n<\/blockquote>\n","protected":false},"excerpt":{"rendered":"<p>La final de la Copa Sudamericana 2025 se jugar\u00e1 por primera vez en Santa Cruz&#8230;<\/p>\n","protected":false},"author":1,"featured_media":976,"comment_status":"closed","ping_status":"open","sticky":false,"template":"","format":"standard","meta":{"footnotes":""},"categories":[52],"tags":[162,161,160,163,164,92,159,158],"class_list":["post-975","post","type-post","status-publish","format-standard","has-post-thumbnail","hentry","category-sports","tag-alejandro-dominguez","tag-conmebol","tag-estadio-tahuichi-aguilera","tag-final-unica","tag-futbol-bolivia","tag-luis-arce","tag-santa-cruz-de-la-sierra","tag-sudamericana-2025"],"featured_image_urls":{"full":["https:\/\/capitalfmbolivia.com\/web\/wp-content\/uploads\/2025\/05\/500256846_122132180774653203_5363910834715063762_n-e1747777912421.jpg",2048,1190,false],"thumbnail":["https:\/\/capitalfmbolivia.com\/web\/wp-content\/uploads\/2025\/05\/500256846_122132180774653203_5363910834715063762_n-e1747777912421-150x150.jpg",150,150,true],"medium":["https:\/\/capitalfmbolivia.com\/web\/wp-content\/uploads\/2025\/05\/500256846_122132180774653203_5363910834715063762_n-e1747777912421-300x174.jpg",300,174,true],"medium_large":["https:\/\/capitalfmbolivia.com\/web\/wp-content\/uploads\/2025\/05\/500256846_122132180774653203_5363910834715063762_n-e1747777912421-768x446.jpg",640,372,true],"large":["https:\/\/capitalfmbolivia.com\/web\/wp-content\/uploads\/2025\/05\/500256846_122132180774653203_5363910834715063762_n-e1747777912421-1024x595.jpg",640,372,true],"1536x1536":["https:\/\/capitalfmbolivia.com\/web\/wp-content\/uploads\/2025\/05\/500256846_122132180774653203_5363910834715063762_n-e1747777912421-1536x893.jpg",1536,893,true],"2048x2048":["https:\/\/capitalfmbolivia.com\/web\/wp-content\/uploads\/2025\/05\/500256846_122132180774653203_5363910834715063762_n-e1747777912421.jpg",2048,1190,false],"newsphere-slider-full":["https:\/\/capitalfmbolivia.com\/web\/wp-content\/uploads\/2025\/05\/500256846_122132180774653203_5363910834715063762_n-e1747777912421-1280x720.jpg",1280,720,true],"newsphere-featured":["https:\/\/capitalfmbolivia.com\/web\/wp-content\/uploads\/2025\/05\/500256846_122132180774653203_5363910834715063762_n-e1747777912421-1024x595.jpg",1024,595,true],"newsphere-medium":["https:\/\/capitalfmbolivia.com\/web\/wp-content\/uploads\/2025\/05\/500256846_122132180774653203_5363910834715063762_n-e1747777912421-720x380.jpg",720,380,true]},"author_info":{"display_name":"redchuqui","author_link":"https:\/\/capitalfmbolivia.com\/web\/author\/redchuqui\/"},"category_info":"<a href=\"https:\/\/capitalfmbolivia.com\/web\/category\/sports\/\" rel=\"category tag\">Deportes<\/a>","tag_info":"Deportes","comment_count":"0","_links":{"self":[{"href":"https:\/\/capitalfmbolivia.com\/web\/wp-json\/wp\/v2\/posts\/975","targetHints":{"allow":["GET"]}}],"collection":[{"href":"https:\/\/capitalfmbolivia.com\/web\/wp-json\/wp\/v2\/posts"}],"about":[{"href":"https:\/\/capitalfmbolivia.com\/web\/wp-json\/wp\/v2\/types\/post"}],"author":[{"embeddable":true,"href":"https:\/\/capitalfmbolivia.com\/web\/wp-json\/wp\/v2\/users\/1"}],"replies":[{"embeddable":true,"href":"https:\/\/capitalfmbolivia.com\/web\/wp-json\/wp\/v2\/comments?post=975"}],"version-history":[{"count":1,"href":"https:\/\/capitalfmbolivia.com\/web\/wp-json\/wp\/v2\/posts\/975\/revisions"}],"predecessor-version":[{"id":977,"href":"https:\/\/capitalfmbolivia.com\/web\/wp-json\/wp\/v2\/posts\/975\/revisions\/977"}],"wp:featuredmedia":[{"embeddable":true,"href":"https:\/\/capitalfmbolivia.com\/web\/wp-json\/wp\/v2\/media\/976"}],"wp:attachment":[{"href":"https:\/\/capitalfmbolivia.com\/web\/wp-json\/wp\/v2\/media?parent=975"}],"wp:term":[{"taxonomy":"category","embeddable":true,"href":"https:\/\/capitalfmbolivia.com\/web\/wp-json\/wp\/v2\/categories?post=975"},{"taxonomy":"post_tag","embeddable":true,"href":"https:\/\/capitalfmbolivia.com\/web\/wp-json\/wp\/v2\/tags?post=975"}],"curies":[{"name":"wp","href":"https:\/\/api.w.org\/{rel}","templated":true}]}}