{"id":979,"date":"2025-05-20T18:14:41","date_gmt":"2025-05-20T22:14:41","guid":{"rendered":"https:\/\/votabolivia.com\/main\/web\/?p=979"},"modified":"2025-05-24T01:13:29","modified_gmt":"2025-05-24T05:13:29","slug":"%f0%9f%8e%89-serenata-por-el-25-de-mayo-en-el-teatro-al-aire-libre-y-distritos-de-sucre","status":"publish","type":"post","link":"https:\/\/capitalfmbolivia.com\/web\/nacional\/cultura\/2025\/05\/20\/979\/","title":{"rendered":"\ud83c\udf89 Serenata por el 25 de Mayo en el Teatro al Aire Libre y Distritos de Sucre"},"content":{"rendered":"<p class=\"\" data-start=\"696\" data-end=\"866\">El evento contar\u00e1 con <strong data-start=\"718\" data-end=\"772\">una destacada presencia de artistas chuquisaque\u00f1os<\/strong>, adem\u00e1s de invitados nacionales que dar\u00e1n vida a una noche llena de m\u00fasica, cultura y unidad.<!--more--><\/p>\n<h3 class=\"\" data-start=\"340\" data-end=\"422\"><strong data-start=\"344\" data-end=\"422\">Homenaje al 216\u00b0 Aniversario del Primer Grito Libertario de Am\u00e9rica Latina<\/strong><\/h3>\n<p class=\"\" data-start=\"424\" data-end=\"694\">El alcalde de Sucre, <strong data-start=\"445\" data-end=\"462\">Enrique Lea\u00f1o<\/strong>, confirm\u00f3 la cartelera oficial de artistas para la <strong data-start=\"514\" data-end=\"534\">Serenata central<\/strong> que se realizar\u00e1 este <strong data-start=\"557\" data-end=\"578\">s\u00e1bado 24 de mayo<\/strong> en el <strong data-start=\"585\" data-end=\"621\">Teatro al Aire Libre Mauro N\u00fa\u00f1ez<\/strong>, en conmemoraci\u00f3n al <strong data-start=\"643\" data-end=\"693\">Primer Grito Libertario del 25 de mayo de 1809<\/strong>.<\/p>\n<p class=\"\" data-start=\"696\" data-end=\"866\">El evento contar\u00e1 con <strong data-start=\"718\" data-end=\"772\">una destacada presencia de artistas chuquisaque\u00f1os<\/strong>, adem\u00e1s de invitados nacionales que dar\u00e1n vida a una noche llena de m\u00fasica, cultura y unidad.<\/p>\n<hr class=\"\" data-start=\"868\" data-end=\"871\" \/>\n<h3 class=\"\" data-start=\"873\" data-end=\"922\">\ud83d\udccd<strong data-start=\"879\" data-end=\"922\">Serenata Central \u2013 Teatro al Aire Libre<\/strong><\/h3>\n<h4 class=\"\" data-start=\"924\" data-end=\"953\">\ud83d\uddd3 <strong data-start=\"932\" data-end=\"953\">S\u00e1bado 24 de mayo<\/strong><\/h4>\n<ul data-start=\"954\" data-end=\"1661\">\n<li class=\"\" data-start=\"954\" data-end=\"1037\">\n<p class=\"\" data-start=\"956\" data-end=\"1037\"><strong data-start=\"956\" data-end=\"978\">19:00 \u2013 Grupo Yasi<\/strong><br data-start=\"978\" data-end=\"981\" \/>Agrupaci\u00f3n femenina boliviana con proyecci\u00f3n nacional.<\/p>\n<\/li>\n<li class=\"\" data-start=\"1039\" data-end=\"1155\">\n<p class=\"\" data-start=\"1041\" data-end=\"1155\"><strong data-start=\"1041\" data-end=\"1067\">19:40 \u2013 Grupo Alm\u00e1geno<\/strong> <em data-start=\"1068\" data-end=\"1085\">(Chuquisaque\u00f1o)<\/em><br data-start=\"1085\" data-end=\"1088\" \/>Banda folcl\u00f3rica de Sucre con gran energ\u00eda y compromiso cultural.<\/p>\n<\/li>\n<li class=\"\" data-start=\"1157\" data-end=\"1284\">\n<p class=\"\" data-start=\"1159\" data-end=\"1284\"><strong data-start=\"1159\" data-end=\"1184\">20:30 \u2013 Grupo Mutante<\/strong> <em data-start=\"1185\" data-end=\"1202\">(Chuquisaque\u00f1o)<\/em><br data-start=\"1202\" data-end=\"1205\" \/>Grupo sucrense que fusiona pop y ritmos nacionales con versatilidad esc\u00e9nica.<\/p>\n<\/li>\n<li class=\"\" data-start=\"1286\" data-end=\"1418\">\n<p class=\"\" data-start=\"1288\" data-end=\"1418\"><strong data-start=\"1288\" data-end=\"1320\">21:15 \u2013 Hu\u00e1scar Aparicio Jr.<\/strong> <em data-start=\"1321\" data-end=\"1338\">(Chuquisaque\u00f1o)<\/em><br data-start=\"1338\" data-end=\"1341\" \/>Int\u00e9rprete chaque\u00f1o que contin\u00faa el legado de su padre con gran aceptaci\u00f3n.<\/p>\n<\/li>\n<li class=\"\" data-start=\"1420\" data-end=\"1552\">\n<p class=\"\" data-start=\"1422\" data-end=\"1552\"><strong data-start=\"1422\" data-end=\"1446\">22:10 \u2013 Grupo Imagen<\/strong> <em data-start=\"1447\" data-end=\"1464\">(Chuquisaque\u00f1o)<\/em><br data-start=\"1464\" data-end=\"1467\" \/>Con m\u00e1s de tres d\u00e9cadas de trayectoria, es uno de los grupos m\u00e1s ic\u00f3nicos de Sucre.<\/p>\n<\/li>\n<li class=\"\" data-start=\"1554\" data-end=\"1661\">\n<p class=\"\" data-start=\"1556\" data-end=\"1661\"><strong data-start=\"1556\" data-end=\"1579\">23:00 \u2013 Yuri Ortu\u00f1o<\/strong><br data-start=\"1579\" data-end=\"1582\" \/>Exintegrante de Kjarkas y Proyecci\u00f3n, referente nacional del folclore andino.<\/p>\n<\/li>\n<\/ul>\n<h4 class=\"\" data-start=\"1663\" data-end=\"1705\">\ud83d\udd5b <strong data-start=\"1671\" data-end=\"1705\">Domingo 25 de mayo (madrugada)<\/strong><\/h4>\n<ul data-start=\"1706\" data-end=\"1924\">\n<li class=\"\" data-start=\"1706\" data-end=\"1828\">\n<p class=\"\" data-start=\"1708\" data-end=\"1828\"><strong data-start=\"1708\" data-end=\"1751\">00:00 \u2013 Bandas de M\u00fasica Chuquisaque\u00f1as<\/strong><br data-start=\"1751\" data-end=\"1754\" \/>Agrupaciones locales rendir\u00e1n homenaje con marchas y temas emblem\u00e1ticos.<\/p>\n<\/li>\n<li class=\"\" data-start=\"1830\" data-end=\"1924\">\n<p class=\"\" data-start=\"1832\" data-end=\"1924\"><strong data-start=\"1832\" data-end=\"1855\">00:30 \u2013 Sabor Sabor<\/strong><br data-start=\"1855\" data-end=\"1858\" \/>Grupo tropical boliviano ampliamente reconocido en todo el pa\u00eds.<\/p>\n<\/li>\n<\/ul>\n<hr class=\"\" data-start=\"1926\" data-end=\"1929\" \/>\n<h3 class=\"\" data-start=\"1931\" data-end=\"1982\">\ud83d\udccd<strong data-start=\"1937\" data-end=\"1982\">Serenatas Distritales \u2013 S\u00e1bado 24 de mayo<\/strong><\/h3>\n<p class=\"\" data-start=\"1984\" data-end=\"2082\">Adem\u00e1s del evento central, <strong data-start=\"2011\" data-end=\"2052\">cada distrito urbano y rural de Sucre<\/strong> vivir\u00e1 su propia celebraci\u00f3n:<\/p>\n<h4 class=\"\" data-start=\"2084\" data-end=\"2113\">\ud83c\udf06 <strong data-start=\"2092\" data-end=\"2113\">Distritos Urbanos<\/strong><\/h4>\n<ul data-start=\"2114\" data-end=\"2441\">\n<li class=\"\" data-start=\"2114\" data-end=\"2186\">\n<p class=\"\" data-start=\"2116\" data-end=\"2186\"><strong data-start=\"2116\" data-end=\"2145\">Distrito 2 (Subalcald\u00eda):<\/strong><br data-start=\"2145\" data-end=\"2148\" \/>Bandas escolares + <em data-start=\"2169\" data-end=\"2186\">Grupo 4 Encanto<\/em><\/p>\n<\/li>\n<li class=\"\" data-start=\"2188\" data-end=\"2285\">\n<p class=\"\" data-start=\"2190\" data-end=\"2285\"><strong data-start=\"2190\" data-end=\"2239\">Distrito 3 (Complejo Recreacional Esperanza):<\/strong><br data-start=\"2239\" data-end=\"2242\" \/>Bandas musicales + <em data-start=\"2263\" data-end=\"2285\">Grupo Nuevos Acordes<\/em><\/p>\n<\/li>\n<li class=\"\" data-start=\"2287\" data-end=\"2362\">\n<p class=\"\" data-start=\"2289\" data-end=\"2362\"><strong data-start=\"2289\" data-end=\"2318\">Distrito 4 (Subalcald\u00eda):<\/strong><br data-start=\"2318\" data-end=\"2321\" \/>Bandas de m\u00fasica + <em data-start=\"2342\" data-end=\"2362\">Grupo Zona P\u00fablika<\/em><\/p>\n<\/li>\n<li class=\"\" data-start=\"2364\" data-end=\"2441\">\n<p class=\"\" data-start=\"2366\" data-end=\"2441\"><strong data-start=\"2366\" data-end=\"2402\">Distrito 5 (Mercado Copacabana):<\/strong><br data-start=\"2402\" data-end=\"2405\" \/>Bandas escolares + <em data-start=\"2426\" data-end=\"2441\">Grupo Esencia<\/em><\/p>\n<\/li>\n<\/ul>\n<h4 class=\"\" data-start=\"2443\" data-end=\"2472\">\ud83c\udf04 <strong data-start=\"2451\" data-end=\"2472\">Distritos Rurales<\/strong><\/h4>\n<ul data-start=\"2473\" data-end=\"2695\">\n<li class=\"\" data-start=\"2473\" data-end=\"2539\">\n<p class=\"\" data-start=\"2475\" data-end=\"2539\"><strong data-start=\"2475\" data-end=\"2505\">Distrito 6 (Zona Alegr\u00eda):<\/strong><br data-start=\"2505\" data-end=\"2508\" \/>Banda local + <em data-start=\"2524\" data-end=\"2539\">Grupo Wasi\u00f1an<\/em><\/p>\n<\/li>\n<li class=\"\" data-start=\"2541\" data-end=\"2617\">\n<p class=\"\" data-start=\"2543\" data-end=\"2617\"><strong data-start=\"2543\" data-end=\"2579\">Distrito 7 (Comunidad El Chaco):<\/strong><br data-start=\"2579\" data-end=\"2582\" \/>M\u00fasica de sikuris + <em data-start=\"2604\" data-end=\"2617\">Grupo Erkus<\/em><\/p>\n<\/li>\n<li class=\"\" data-start=\"2619\" data-end=\"2695\">\n<p class=\"\" data-start=\"2621\" data-end=\"2695\"><strong data-start=\"2621\" data-end=\"2655\">Distrito 8 (Comunidad Potolo):<\/strong><br data-start=\"2655\" data-end=\"2658\" \/>Banda tradicional + <em data-start=\"2680\" data-end=\"2695\">Grupo Suyawar<\/em><\/p>\n<\/li>\n<\/ul>\n<hr class=\"\" data-start=\"2697\" data-end=\"2700\" \/>\n<p class=\"\" data-start=\"2702\" data-end=\"2910\">\ud83d\udce3 <strong data-start=\"2705\" data-end=\"2756\">La Alcald\u00eda de Sucre invita a toda la poblaci\u00f3n<\/strong> a participar en esta gran actividad cultural que celebra el valor hist\u00f3rico de la gesta de 1809, en un ambiente de unidad, m\u00fasica, identidad y tradici\u00f3n.<\/p>\n<p class=\"\" data-start=\"2912\" data-end=\"2955\">\u00a1<strong data-start=\"2913\" data-end=\"2947\">Viva Sucre, Viva el 25 de Mayo<\/strong>! \ud83c\udde7\ud83c\uddf4\ud83c\udfb6<\/p>\n","protected":false},"excerpt":{"rendered":"<p>El evento contar\u00e1 con una destacada presencia de artistas chuquisaque\u00f1os, adem\u00e1s de invitados nacionales que&#8230;<\/p>\n","protected":false},"author":1,"featured_media":980,"comment_status":"closed","ping_status":"open","sticky":false,"template":"","format":"standard","meta":{"footnotes":""},"categories":[165],"tags":[],"class_list":["post-979","post","type-post","status-publish","format-standard","has-post-thumbnail","hentry","category-cultura"],"featured_image_urls":{"full":["https:\/\/capitalfmbolivia.com\/web\/wp-content\/uploads\/2025\/05\/grupos-serenata-25-de-mayo.jpg",1280,720,false],"thumbnail":["https:\/\/capitalfmbolivia.com\/web\/wp-content\/uploads\/2025\/05\/grupos-serenata-25-de-mayo-150x150.jpg",150,150,true],"medium":["https:\/\/capitalfmbolivia.com\/web\/wp-content\/uploads\/2025\/05\/grupos-serenata-25-de-mayo-300x169.jpg",300,169,true],"medium_large":["https:\/\/capitalfmbolivia.com\/web\/wp-content\/uploads\/2025\/05\/grupos-serenata-25-de-mayo-768x432.jpg",640,360,true],"large":["https:\/\/capitalfmbolivia.com\/web\/wp-content\/uploads\/2025\/05\/grupos-serenata-25-de-mayo-1024x576.jpg",640,360,true],"1536x1536":["https:\/\/capitalfmbolivia.com\/web\/wp-content\/uploads\/2025\/05\/grupos-serenata-25-de-mayo.jpg",1280,720,false],"2048x2048":["https:\/\/capitalfmbolivia.com\/web\/wp-content\/uploads\/2025\/05\/grupos-serenata-25-de-mayo.jpg",1280,720,false],"newsphere-slider-full":["https:\/\/capitalfmbolivia.com\/web\/wp-content\/uploads\/2025\/05\/grupos-serenata-25-de-mayo.jpg",1280,720,false],"newsphere-featured":["https:\/\/capitalfmbolivia.com\/web\/wp-content\/uploads\/2025\/05\/grupos-serenata-25-de-mayo-1024x576.jpg",1024,576,true],"newsphere-medium":["https:\/\/capitalfmbolivia.com\/web\/wp-content\/uploads\/2025\/05\/grupos-serenata-25-de-mayo-720x380.jpg",720,380,true]},"author_info":{"display_name":"redchuqui","author_link":"https:\/\/capitalfmbolivia.com\/web\/author\/redchuqui\/"},"category_info":"<a href=\"https:\/\/capitalfmbolivia.com\/web\/category\/nacional\/cultura\/\" rel=\"category tag\">Cultura<\/a>","tag_info":"Cultura","comment_count":"0","_links":{"self":[{"href":"https:\/\/capitalfmbolivia.com\/web\/wp-json\/wp\/v2\/posts\/979","targetHints":{"allow":["GET"]}}],"collection":[{"href":"https:\/\/capitalfmbolivia.com\/web\/wp-json\/wp\/v2\/posts"}],"about":[{"href":"https:\/\/capitalfmbolivia.com\/web\/wp-json\/wp\/v2\/types\/post"}],"author":[{"embeddable":true,"href":"https:\/\/capitalfmbolivia.com\/web\/wp-json\/wp\/v2\/users\/1"}],"replies":[{"embeddable":true,"href":"https:\/\/capitalfmbolivia.com\/web\/wp-json\/wp\/v2\/comments?post=979"}],"version-history":[{"count":1,"href":"https:\/\/capitalfmbolivia.com\/web\/wp-json\/wp\/v2\/posts\/979\/revisions"}],"predecessor-version":[{"id":981,"href":"https:\/\/capitalfmbolivia.com\/web\/wp-json\/wp\/v2\/posts\/979\/revisions\/981"}],"wp:featuredmedia":[{"embeddable":true,"href":"https:\/\/capitalfmbolivia.com\/web\/wp-json\/wp\/v2\/media\/980"}],"wp:attachment":[{"href":"https:\/\/capitalfmbolivia.com\/web\/wp-json\/wp\/v2\/media?parent=979"}],"wp:term":[{"taxonomy":"category","embeddable":true,"href":"https:\/\/capitalfmbolivia.com\/web\/wp-json\/wp\/v2\/categories?post=979"},{"taxonomy":"post_tag","embeddable":true,"href":"https:\/\/capitalfmbolivia.com\/web\/wp-json\/wp\/v2\/tags?post=979"}],"curies":[{"name":"wp","href":"https:\/\/api.w.org\/{rel}","templated":true}]}}