{"id":982,"date":"2025-05-21T17:18:07","date_gmt":"2025-05-21T21:18:07","guid":{"rendered":"https:\/\/votabolivia.com\/main\/web\/?p=982"},"modified":"2025-05-24T01:13:29","modified_gmt":"2025-05-24T05:13:29","slug":"admiten-accion-popular-que-busca-inhabilitar-a-morena-y-apb-sumate-de-las-elecciones-generales-2025","status":"publish","type":"post","link":"https:\/\/capitalfmbolivia.com\/web\/nacional\/electoral\/2025\/05\/21\/982\/","title":{"rendered":"Admiten acci\u00f3n popular que busca inhabilitar a Morena y APB-S\u00famate de las elecciones generales 2025"},"content":{"rendered":"<p data-start=\"408\" data-end=\"561\">Una acci\u00f3n popular podr\u00eda dejar fuera de las elecciones a las alianzas de Eva Copa y Manfred Reyes Villa. El caso se definir\u00e1 en audiencia el 23 de mayo.<!--more--><\/p>\n<p data-start=\"602\" data-end=\"937\">Una acci\u00f3n popular presentada ante el Tribunal Departamental de Justicia de Santa Cruz busca inhabilitar a las alianzas pol\u00edticas <strong data-start=\"732\" data-end=\"778\">Movimiento de Renovaci\u00f3n Nacional (Morena)<\/strong>, liderada por <strong data-start=\"793\" data-end=\"805\">Eva Copa<\/strong>, y <strong data-start=\"809\" data-end=\"857\">Autonom\u00eda Para Bolivia &#8211; S\u00famate (APB-S\u00famate)<\/strong>, del exalcalde <strong data-start=\"873\" data-end=\"896\">Manfred Reyes Villa<\/strong>, para las elecciones generales del 2025.<\/p>\n<p data-start=\"939\" data-end=\"1238\">El recurso fue interpuesto por el abogado <strong data-start=\"981\" data-end=\"1011\">Humberto Vidaurre Castillo<\/strong> contra los vocales del <strong data-start=\"1035\" data-end=\"1071\">Tribunal Supremo Electoral (TSE)<\/strong>, argumentando que ambas organizaciones no cumplieron con los plazos m\u00ednimos exigidos por la <strong data-start=\"1164\" data-end=\"1204\">Ley 1096 de Organizaciones Pol\u00edticas<\/strong> para obtener personer\u00eda jur\u00eddica.<\/p>\n<p data-start=\"1240\" data-end=\"1617\">Seg\u00fan el documento presentado, <strong data-start=\"1271\" data-end=\"1285\">APB-S\u00famate<\/strong> recibi\u00f3 su personer\u00eda el <strong data-start=\"1311\" data-end=\"1337\">5 de diciembre de 2024<\/strong>, y al <strong data-start=\"1344\" data-end=\"1366\">3 de abril de 2025<\/strong> apenas se habr\u00edan cumplido <strong data-start=\"1394\" data-end=\"1417\">119 d\u00edas calendario<\/strong>, uno menos del m\u00ednimo requerido de <strong data-start=\"1453\" data-end=\"1465\">120 d\u00edas<\/strong>. Adem\u00e1s, se cuestiona que la agrupaci\u00f3n perdi\u00f3 su personer\u00eda anterior como APB y se habr\u00eda convertido en APB-S\u00famate sin cumplir los requisitos legales.<\/p>\n<p data-start=\"1619\" data-end=\"1844\">En el caso de <strong data-start=\"1633\" data-end=\"1643\">Morena<\/strong>, el memorial indica que recibi\u00f3 la personer\u00eda jur\u00eddica el <strong data-start=\"1702\" data-end=\"1727\">12 de febrero de 2025<\/strong>, con solo <strong data-start=\"1738\" data-end=\"1760\">50 d\u00edas calendario<\/strong> transcurridos al 3 de abril, lo que tambi\u00e9n estar\u00eda por debajo del plazo requerido.<\/p>\n<p data-start=\"1846\" data-end=\"2044\">El recurso argumenta que la habilitaci\u00f3n de estos partidos violar\u00eda el marco legal vigente, y solicita su inhabilitaci\u00f3n inmediata para garantizar el cumplimiento estricto de la normativa electoral.<\/p>\n<p data-start=\"2046\" data-end=\"2330\">La <strong data-start=\"2049\" data-end=\"2080\">acci\u00f3n popular fue admitida<\/strong> el pasado <strong data-start=\"2091\" data-end=\"2104\">8 de mayo<\/strong>, y la audiencia para su resoluci\u00f3n fue programada para el <strong data-start=\"2163\" data-end=\"2185\">23 de mayo de 2025<\/strong>, seg\u00fan consta en el documento firmado por los vocales de la <strong data-start=\"2246\" data-end=\"2329\">Sala Constitucional Cuarta del Tribunal Departamental de Justicia de Santa Cruz<\/strong>.<\/p>\n<p data-start=\"2332\" data-end=\"2571\">Este proceso se suma al complejo panorama pol\u00edtico rumbo a las elecciones generales del pr\u00f3ximo <strong data-start=\"2428\" data-end=\"2444\">17 de agosto<\/strong>, donde distintos actores enfrentan impugnaciones legales y cuestionamientos por el cumplimiento de los requisitos electorales.<\/p>\n","protected":false},"excerpt":{"rendered":"<p>Una acci\u00f3n popular podr\u00eda dejar fuera de las elecciones a las alianzas de Eva Copa&#8230;<\/p>\n","protected":false},"author":1,"featured_media":983,"comment_status":"closed","ping_status":"open","sticky":false,"template":"","format":"standard","meta":{"footnotes":""},"categories":[41],"tags":[],"class_list":["post-982","post","type-post","status-publish","format-standard","has-post-thumbnail","hentry","category-electoral"],"featured_image_urls":{"full":["https:\/\/capitalfmbolivia.com\/web\/wp-content\/uploads\/2025\/05\/Acercamiento-entre-Eva-Copa-y-Manfred-Reyes-Villa1.jpg",906,544,false],"thumbnail":["https:\/\/capitalfmbolivia.com\/web\/wp-content\/uploads\/2025\/05\/Acercamiento-entre-Eva-Copa-y-Manfred-Reyes-Villa1-150x150.jpg",150,150,true],"medium":["https:\/\/capitalfmbolivia.com\/web\/wp-content\/uploads\/2025\/05\/Acercamiento-entre-Eva-Copa-y-Manfred-Reyes-Villa1-300x180.jpg",300,180,true],"medium_large":["https:\/\/capitalfmbolivia.com\/web\/wp-content\/uploads\/2025\/05\/Acercamiento-entre-Eva-Copa-y-Manfred-Reyes-Villa1-768x461.jpg",640,384,true],"large":["https:\/\/capitalfmbolivia.com\/web\/wp-content\/uploads\/2025\/05\/Acercamiento-entre-Eva-Copa-y-Manfred-Reyes-Villa1.jpg",640,384,false],"1536x1536":["https:\/\/capitalfmbolivia.com\/web\/wp-content\/uploads\/2025\/05\/Acercamiento-entre-Eva-Copa-y-Manfred-Reyes-Villa1.jpg",906,544,false],"2048x2048":["https:\/\/capitalfmbolivia.com\/web\/wp-content\/uploads\/2025\/05\/Acercamiento-entre-Eva-Copa-y-Manfred-Reyes-Villa1.jpg",906,544,false],"newsphere-slider-full":["https:\/\/capitalfmbolivia.com\/web\/wp-content\/uploads\/2025\/05\/Acercamiento-entre-Eva-Copa-y-Manfred-Reyes-Villa1.jpg",906,544,false],"newsphere-featured":["https:\/\/capitalfmbolivia.com\/web\/wp-content\/uploads\/2025\/05\/Acercamiento-entre-Eva-Copa-y-Manfred-Reyes-Villa1.jpg",906,544,false],"newsphere-medium":["https:\/\/capitalfmbolivia.com\/web\/wp-content\/uploads\/2025\/05\/Acercamiento-entre-Eva-Copa-y-Manfred-Reyes-Villa1-720x380.jpg",720,380,true]},"author_info":{"display_name":"redchuqui","author_link":"https:\/\/capitalfmbolivia.com\/web\/author\/redchuqui\/"},"category_info":"<a href=\"https:\/\/capitalfmbolivia.com\/web\/category\/nacional\/electoral\/\" rel=\"category tag\">Electoral<\/a>","tag_info":"Electoral","comment_count":"0","_links":{"self":[{"href":"https:\/\/capitalfmbolivia.com\/web\/wp-json\/wp\/v2\/posts\/982","targetHints":{"allow":["GET"]}}],"collection":[{"href":"https:\/\/capitalfmbolivia.com\/web\/wp-json\/wp\/v2\/posts"}],"about":[{"href":"https:\/\/capitalfmbolivia.com\/web\/wp-json\/wp\/v2\/types\/post"}],"author":[{"embeddable":true,"href":"https:\/\/capitalfmbolivia.com\/web\/wp-json\/wp\/v2\/users\/1"}],"replies":[{"embeddable":true,"href":"https:\/\/capitalfmbolivia.com\/web\/wp-json\/wp\/v2\/comments?post=982"}],"version-history":[{"count":1,"href":"https:\/\/capitalfmbolivia.com\/web\/wp-json\/wp\/v2\/posts\/982\/revisions"}],"predecessor-version":[{"id":984,"href":"https:\/\/capitalfmbolivia.com\/web\/wp-json\/wp\/v2\/posts\/982\/revisions\/984"}],"wp:featuredmedia":[{"embeddable":true,"href":"https:\/\/capitalfmbolivia.com\/web\/wp-json\/wp\/v2\/media\/983"}],"wp:attachment":[{"href":"https:\/\/capitalfmbolivia.com\/web\/wp-json\/wp\/v2\/media?parent=982"}],"wp:term":[{"taxonomy":"category","embeddable":true,"href":"https:\/\/capitalfmbolivia.com\/web\/wp-json\/wp\/v2\/categories?post=982"},{"taxonomy":"post_tag","embeddable":true,"href":"https:\/\/capitalfmbolivia.com\/web\/wp-json\/wp\/v2\/tags?post=982"}],"curies":[{"name":"wp","href":"https:\/\/api.w.org\/{rel}","templated":true}]}}