{"id":985,"date":"2025-05-21T17:35:28","date_gmt":"2025-05-21T21:35:28","guid":{"rendered":"https:\/\/votabolivia.com\/main\/web\/?p=985"},"modified":"2025-05-24T01:13:29","modified_gmt":"2025-05-24T05:13:29","slug":"senador-loza-del-tropico-insiste-con-la-postulacion-de-evo-morales-ayma","status":"publish","type":"post","link":"https:\/\/capitalfmbolivia.com\/web\/nacional\/electoral\/2025\/05\/21\/985\/","title":{"rendered":"Senador Loza del Tr\u00f3pico insiste con la postulaci\u00f3n de Evo Morales Ayma"},"content":{"rendered":"<p data-start=\"298\" data-end=\"604\">El senador Leonardo Loza reiter\u00f3 su respaldo a la postulaci\u00f3n de Evo Morales, afirmando que existe una intenci\u00f3n del Gobierno de Luis Arce de impedir su candidatura. Mientras tanto, PAN-BOL, el partido a trav\u00e9s del cual se pretend\u00eda inscribir a Morales, niega cualquier respaldo a esa f\u00f3rmula presidencial.<!--more--><\/p>\n<p data-start=\"1017\" data-end=\"1357\">El senador Leonardo Loza, representante del Tr\u00f3pico de Cochabamba y cercano a Evo Morales, volvi\u00f3 a insistir p\u00fablicamente en la postulaci\u00f3n del expresidente como candidato presidencial para las elecciones generales de 2025. Loza denunci\u00f3 que existe una postura clara desde el Gobierno de Luis Arce Catacora para impedir que Morales postule.<\/p>\n<p data-start=\"1017\" data-end=\"1357\"><iframe loading=\"lazy\" title=\"YouTube video player\" src=\"https:\/\/www.youtube.com\/embed\/LscJquqMCfs\" width=\"560\" height=\"315\" frameborder=\"0\" allowfullscreen=\"allowfullscreen\"><span data-mce-type=\"bookmark\" style=\"display: inline-block; width: 0px; overflow: hidden; line-height: 0;\" class=\"mce_SELRES_start\">\ufeff<\/span><\/iframe><\/p>\n<p data-start=\"1359\" data-end=\"1697\">\u00abEso estamos peleando\u00bb, afirm\u00f3 el legislador, en referencia a la supuesta intenci\u00f3n del oficialismo de frenar a Morales. Asimismo, defendi\u00f3 el intento de inscribir el binomio Evo Morales\u2013Wilma Alanoca a trav\u00e9s del partido pol\u00edtico PAN-BOL, argumentando que este respaldo es parte de una estrategia leg\u00edtima para permitir su participaci\u00f3n.<\/p>\n<p data-start=\"1699\" data-end=\"2014\">Sin embargo, desde PAN-BOL surgieron declaraciones que contradicen a Loza. Ruth Nina, fundadora y l\u00edder del partido, afirm\u00f3 de forma categ\u00f3rica que en ning\u00fan momento se pens\u00f3 en inscribir a Morales. Aclar\u00f3 que PAN-BOL no apoya su candidatura y que la informaci\u00f3n difundida en medios y redes sociales fue manipulada.<\/p>\n<p data-start=\"2016\" data-end=\"2515\">Esta posici\u00f3n choca directamente con lo ocurrido en los \u00faltimos d\u00edas antes del cierre de la recepci\u00f3n de candidaturas ante el Tribunal Supremo Electoral (TSE). La concejal alte\u00f1a Wilma Alanoca, quien fue presentada como posible vicepresidenciable por el entorno de Morales, lleg\u00f3 al TSE asegurando que se inscrib\u00edan \u201ccomo PAN-BOL\u201d, una afirmaci\u00f3n que tambi\u00e9n fue respaldada por Wilfredo Ch\u00e1vez, abogado de Evo Morales y firme defensor del exmandatario, pese a las acusaciones que pesan en su contra.<\/p>\n<p data-start=\"2517\" data-end=\"2708\">El conflicto interno en PAN-BOL y las divisiones dentro del bloque af\u00edn a Evo Morales vuelven a evidenciar la fractura en el movimiento pol\u00edtico que en el pasado domin\u00f3 el escenario nacional.<\/p>\n","protected":false},"excerpt":{"rendered":"<p>El senador Leonardo Loza reiter\u00f3 su respaldo a la postulaci\u00f3n de Evo Morales, afirmando que&#8230;<\/p>\n","protected":false},"author":1,"featured_media":986,"comment_status":"closed","ping_status":"open","sticky":false,"template":"","format":"standard","meta":{"footnotes":""},"categories":[41],"tags":[69,62,64,92,152,103,167,166,120],"class_list":["post-985","post","type-post","status-publish","format-standard","has-post-thumbnail","hentry","category-electoral","tag-elecciones-2025","tag-evo-morales","tag-leonardo-loza","tag-luis-arce","tag-pan-bol","tag-politica-boliviana","tag-ruth-nina","tag-wilfredo-chavez","tag-wilma-alanoca"],"featured_image_urls":{"full":["https:\/\/capitalfmbolivia.com\/web\/wp-content\/uploads\/2025\/05\/Screenshot-2025-05-21-172854.png",939,559,false],"thumbnail":["https:\/\/capitalfmbolivia.com\/web\/wp-content\/uploads\/2025\/05\/Screenshot-2025-05-21-172854-150x150.png",150,150,true],"medium":["https:\/\/capitalfmbolivia.com\/web\/wp-content\/uploads\/2025\/05\/Screenshot-2025-05-21-172854-300x179.png",300,179,true],"medium_large":["https:\/\/capitalfmbolivia.com\/web\/wp-content\/uploads\/2025\/05\/Screenshot-2025-05-21-172854-768x457.png",640,381,true],"large":["https:\/\/capitalfmbolivia.com\/web\/wp-content\/uploads\/2025\/05\/Screenshot-2025-05-21-172854.png",640,381,false],"1536x1536":["https:\/\/capitalfmbolivia.com\/web\/wp-content\/uploads\/2025\/05\/Screenshot-2025-05-21-172854.png",939,559,false],"2048x2048":["https:\/\/capitalfmbolivia.com\/web\/wp-content\/uploads\/2025\/05\/Screenshot-2025-05-21-172854.png",939,559,false],"newsphere-slider-full":["https:\/\/capitalfmbolivia.com\/web\/wp-content\/uploads\/2025\/05\/Screenshot-2025-05-21-172854.png",939,559,false],"newsphere-featured":["https:\/\/capitalfmbolivia.com\/web\/wp-content\/uploads\/2025\/05\/Screenshot-2025-05-21-172854.png",939,559,false],"newsphere-medium":["https:\/\/capitalfmbolivia.com\/web\/wp-content\/uploads\/2025\/05\/Screenshot-2025-05-21-172854-720x380.png",720,380,true]},"author_info":{"display_name":"redchuqui","author_link":"https:\/\/capitalfmbolivia.com\/web\/author\/redchuqui\/"},"category_info":"<a href=\"https:\/\/capitalfmbolivia.com\/web\/category\/nacional\/electoral\/\" rel=\"category tag\">Electoral<\/a>","tag_info":"Electoral","comment_count":"0","_links":{"self":[{"href":"https:\/\/capitalfmbolivia.com\/web\/wp-json\/wp\/v2\/posts\/985","targetHints":{"allow":["GET"]}}],"collection":[{"href":"https:\/\/capitalfmbolivia.com\/web\/wp-json\/wp\/v2\/posts"}],"about":[{"href":"https:\/\/capitalfmbolivia.com\/web\/wp-json\/wp\/v2\/types\/post"}],"author":[{"embeddable":true,"href":"https:\/\/capitalfmbolivia.com\/web\/wp-json\/wp\/v2\/users\/1"}],"replies":[{"embeddable":true,"href":"https:\/\/capitalfmbolivia.com\/web\/wp-json\/wp\/v2\/comments?post=985"}],"version-history":[{"count":2,"href":"https:\/\/capitalfmbolivia.com\/web\/wp-json\/wp\/v2\/posts\/985\/revisions"}],"predecessor-version":[{"id":988,"href":"https:\/\/capitalfmbolivia.com\/web\/wp-json\/wp\/v2\/posts\/985\/revisions\/988"}],"wp:featuredmedia":[{"embeddable":true,"href":"https:\/\/capitalfmbolivia.com\/web\/wp-json\/wp\/v2\/media\/986"}],"wp:attachment":[{"href":"https:\/\/capitalfmbolivia.com\/web\/wp-json\/wp\/v2\/media?parent=985"}],"wp:term":[{"taxonomy":"category","embeddable":true,"href":"https:\/\/capitalfmbolivia.com\/web\/wp-json\/wp\/v2\/categories?post=985"},{"taxonomy":"post_tag","embeddable":true,"href":"https:\/\/capitalfmbolivia.com\/web\/wp-json\/wp\/v2\/tags?post=985"}],"curies":[{"name":"wp","href":"https:\/\/api.w.org\/{rel}","templated":true}]}}