{"id":995,"date":"2025-05-22T15:38:21","date_gmt":"2025-05-22T19:38:21","guid":{"rendered":"https:\/\/votabolivia.com\/main\/web\/?p=995"},"modified":"2025-05-24T01:13:28","modified_gmt":"2025-05-24T05:13:28","slug":"evistas-anuncian-concentracion-en-la-paz-desde-el-lunes-hasta-que-se-vaya-el-gobierno","status":"publish","type":"post","link":"https:\/\/capitalfmbolivia.com\/web\/nacional\/seguridad\/2025\/05\/22\/995\/","title":{"rendered":"\u2018Evistas\u2019 anuncian concentraci\u00f3n en La Paz desde el lunes \u201chasta que se vaya el Gobierno\u201d"},"content":{"rendered":"<p data-start=\"328\" data-end=\"540\">Organizaciones sociales afines a Evo Morales anuncian una concentraci\u00f3n nacional en La Paz desde el lunes 26 de mayo, exigiendo la renuncia del presidente Luis Arce, magistrados prorrogados y autoridades del TSE.<!--more--><\/p>\n<p data-start=\"1087\" data-end=\"1380\">Las organizaciones sociales del ala \u201cevista\u201d han convocado a una concentraci\u00f3n que comenzar\u00e1 el lunes 26 de mayo en la ciudad de La Paz, con el objetivo de exigir la renuncia del presidente Luis Arce Catacora, los magistrados prorrogados y las autoridades del Tribunal Supremo Electoral (TSE).<\/p>\n<p data-start=\"1087\" data-end=\"1380\"><iframe loading=\"lazy\" title=\"YouTube video player\" src=\"https:\/\/www.youtube.com\/embed\/3YVZWXMP0KQ?si=EmNYMytVqBFYiqVf\" width=\"560\" height=\"315\" frameborder=\"0\" allowfullscreen=\"allowfullscreen\"><\/iframe><\/p>\n<p data-start=\"1382\" data-end=\"1761\">\u201cVamos a empezar a masificar desde el d\u00eda lunes 26 de mayo con una concentraci\u00f3n de los nueve departamentos aqu\u00ed en la ciudad de La Paz hasta que se vaya este Gobierno. Tienen que irse este Gobierno, hasta que renuncie, hasta que se vayan sus magistrados prorrogados, hasta que se vaya su Tribunal Supremo Electoral. Todos tienen que irse\u201d, manifest\u00f3 el dirigente Enrique Mamani.<\/p>\n<p data-start=\"1763\" data-end=\"2002\">Los organizadores afirman que esta protesta ser\u00e1 indefinida. \u201cSi tenemos que quedarnos un d\u00eda, una semana, un mes, dos meses, pero lo tenemos que hacer. Es ahora o nunca\u201d, a\u00f1adi\u00f3 Mamani, anticipando una medida de presi\u00f3n de larga duraci\u00f3n.<\/p>\n<p data-start=\"2004\" data-end=\"2348\">Desde el sector \u201cevista\u201d sostienen que las razones de esta movilizaci\u00f3n no solo son pol\u00edticas, sino tambi\u00e9n econ\u00f3micas, pues consideran que el Gobierno no ha resuelto la crisis de precios de productos b\u00e1sicos. Asimismo, denuncian una supuesta manipulaci\u00f3n del sistema electoral para impedir su participaci\u00f3n en las elecciones generales de 2025.<\/p>\n<p data-start=\"2350\" data-end=\"2595\">\u201cEl Gobierno ha tomado una decisi\u00f3n de excluirnos a los pueblos ind\u00edgenas originarios. Hemos aguantado hasta este momento. Ha llegado la hora. En las calles nos vamos a hacer respetar. Basta la humillaci\u00f3n\u201d, declar\u00f3 la dirigente Juanita Ancieta.<\/p>\n<p data-start=\"2597\" data-end=\"2747\">La convocatoria tiene como punto de encuentro la avenida aleda\u00f1a a la Cervecer\u00eda Nacional, en la ciudad de La Paz, a partir de las 10:00 de la ma\u00f1ana.<\/p>\n","protected":false},"excerpt":{"rendered":"<p>Organizaciones sociales afines a Evo Morales anuncian una concentraci\u00f3n nacional en La Paz desde el&#8230;<\/p>\n","protected":false},"author":1,"featured_media":996,"comment_status":"closed","ping_status":"open","sticky":false,"template":"","format":"standard","meta":{"footnotes":""},"categories":[41,40],"tags":[176,175,62,92,178,180,103,179,177],"class_list":["post-995","post","type-post","status-publish","format-standard","has-post-thumbnail","hentry","category-electoral","category-seguridad","tag-concentracion-la-paz","tag-evistas","tag-evo-morales","tag-luis-arce","tag-magistrados-prorrogados","tag-manifestaciones-bolivia","tag-politica-boliviana","tag-protesta-social","tag-tribunal-supremo-electoral"],"featured_image_urls":{"full":["https:\/\/capitalfmbolivia.com\/web\/wp-content\/uploads\/2025\/05\/Screenshot-2025-05-22-153631.png",1390,843,false],"thumbnail":["https:\/\/capitalfmbolivia.com\/web\/wp-content\/uploads\/2025\/05\/Screenshot-2025-05-22-153631-150x150.png",150,150,true],"medium":["https:\/\/capitalfmbolivia.com\/web\/wp-content\/uploads\/2025\/05\/Screenshot-2025-05-22-153631-300x182.png",300,182,true],"medium_large":["https:\/\/capitalfmbolivia.com\/web\/wp-content\/uploads\/2025\/05\/Screenshot-2025-05-22-153631-768x466.png",640,388,true],"large":["https:\/\/capitalfmbolivia.com\/web\/wp-content\/uploads\/2025\/05\/Screenshot-2025-05-22-153631-1024x621.png",640,388,true],"1536x1536":["https:\/\/capitalfmbolivia.com\/web\/wp-content\/uploads\/2025\/05\/Screenshot-2025-05-22-153631.png",1390,843,false],"2048x2048":["https:\/\/capitalfmbolivia.com\/web\/wp-content\/uploads\/2025\/05\/Screenshot-2025-05-22-153631.png",1390,843,false],"newsphere-slider-full":["https:\/\/capitalfmbolivia.com\/web\/wp-content\/uploads\/2025\/05\/Screenshot-2025-05-22-153631-1280x720.png",1280,720,true],"newsphere-featured":["https:\/\/capitalfmbolivia.com\/web\/wp-content\/uploads\/2025\/05\/Screenshot-2025-05-22-153631-1024x621.png",1024,621,true],"newsphere-medium":["https:\/\/capitalfmbolivia.com\/web\/wp-content\/uploads\/2025\/05\/Screenshot-2025-05-22-153631-720x380.png",720,380,true]},"author_info":{"display_name":"redchuqui","author_link":"https:\/\/capitalfmbolivia.com\/web\/author\/redchuqui\/"},"category_info":"<a href=\"https:\/\/capitalfmbolivia.com\/web\/category\/nacional\/electoral\/\" rel=\"category tag\">Electoral<\/a> <a href=\"https:\/\/capitalfmbolivia.com\/web\/category\/nacional\/seguridad\/\" rel=\"category tag\">Seguridad<\/a>","tag_info":"Seguridad","comment_count":"0","_links":{"self":[{"href":"https:\/\/capitalfmbolivia.com\/web\/wp-json\/wp\/v2\/posts\/995","targetHints":{"allow":["GET"]}}],"collection":[{"href":"https:\/\/capitalfmbolivia.com\/web\/wp-json\/wp\/v2\/posts"}],"about":[{"href":"https:\/\/capitalfmbolivia.com\/web\/wp-json\/wp\/v2\/types\/post"}],"author":[{"embeddable":true,"href":"https:\/\/capitalfmbolivia.com\/web\/wp-json\/wp\/v2\/users\/1"}],"replies":[{"embeddable":true,"href":"https:\/\/capitalfmbolivia.com\/web\/wp-json\/wp\/v2\/comments?post=995"}],"version-history":[{"count":2,"href":"https:\/\/capitalfmbolivia.com\/web\/wp-json\/wp\/v2\/posts\/995\/revisions"}],"predecessor-version":[{"id":998,"href":"https:\/\/capitalfmbolivia.com\/web\/wp-json\/wp\/v2\/posts\/995\/revisions\/998"}],"wp:featuredmedia":[{"embeddable":true,"href":"https:\/\/capitalfmbolivia.com\/web\/wp-json\/wp\/v2\/media\/996"}],"wp:attachment":[{"href":"https:\/\/capitalfmbolivia.com\/web\/wp-json\/wp\/v2\/media?parent=995"}],"wp:term":[{"taxonomy":"category","embeddable":true,"href":"https:\/\/capitalfmbolivia.com\/web\/wp-json\/wp\/v2\/categories?post=995"},{"taxonomy":"post_tag","embeddable":true,"href":"https:\/\/capitalfmbolivia.com\/web\/wp-json\/wp\/v2\/tags?post=995"}],"curies":[{"name":"wp","href":"https:\/\/api.w.org\/{rel}","templated":true}]}}