{"id":999,"date":"2025-05-22T16:23:34","date_gmt":"2025-05-22T20:23:34","guid":{"rendered":"https:\/\/votabolivia.com\/main\/web\/?p=999"},"modified":"2025-05-24T01:13:28","modified_gmt":"2025-05-24T05:13:28","slug":"altercados-en-el-concejo-municipal-de-sucre-entre-rodolfo-aviles-y-oscar-sandy-ambos-del-mas","status":"publish","type":"post","link":"https:\/\/capitalfmbolivia.com\/web\/nacional\/politica\/2025\/05\/22\/999\/","title":{"rendered":"Altercados en el Concejo Municipal de Sucre entre Rodolfo Avil\u00e9s y \u00d3scar Sandy, ambos del MAS"},"content":{"rendered":"<p data-start=\"317\" data-end=\"588\">Un enfrentamiento verbal entre los concejales Rodolfo Avil\u00e9s y \u00d3scar Sandy, ambos del Movimiento al Socialismo (MAS), gener\u00f3 tensi\u00f3n durante una sesi\u00f3n del Concejo Municipal de Sucre. El conflicto surgi\u00f3 por la presencia de un asesor acusado previamente de mala conducta.<!--more--><\/p>\n<p data-start=\"1099\" data-end=\"1501\">Durante una reciente sesi\u00f3n del Concejo Municipal de Sucre, se registr\u00f3 un altercado entre los concejales Rodolfo Avil\u00e9s, actual presidente del Concejo, y su colega \u00d3scar Sandy, ambos miembros del Movimiento al Socialismo (MAS). La disputa se origin\u00f3 por la presencia de un asesor vinculado a Avil\u00e9s, quien en d\u00edas anteriores fue se\u00f1alado por presuntas irregularidades en su desempe\u00f1o como funcionario.<\/p>\n<p data-start=\"1099\" data-end=\"1501\"><iframe loading=\"lazy\" title=\"YouTube video player\" src=\"https:\/\/www.youtube.com\/embed\/DJj1lbQDS4k\" width=\"560\" height=\"315\" frameborder=\"0\" allowfullscreen=\"allowfullscreen\"><span data-mce-type=\"bookmark\" style=\"display: inline-block; width: 0px; overflow: hidden; line-height: 0;\" class=\"mce_SELRES_start\">\ufeff<\/span><\/iframe><\/p>\n<p data-start=\"1503\" data-end=\"1833\">Seg\u00fan testigos, el ambiente se torn\u00f3 tenso cuando Sandy cuestion\u00f3 la participaci\u00f3n del asesor en las sesiones, argumentando que su presencia resultaba inapropiada considerando las denuncias que pesan sobre \u00e9l. Avil\u00e9s, por su parte, defendi\u00f3 la permanencia del asesor, lo que provoc\u00f3 un cruce de acusaciones entre ambos concejales.<\/p>\n<p data-start=\"1835\" data-end=\"2030\">El incidente dej\u00f3 en evidencia las divisiones internas dentro del MAS a nivel municipal y gener\u00f3 preocupaci\u00f3n entre los asistentes, quienes esperaban que la sesi\u00f3n se desarrollara con normalidad.<\/p>\n<p data-start=\"2032\" data-end=\"2254\">Este nuevo episodio de confrontaci\u00f3n dentro del \u00f3rgano deliberante municipal suma a los recientes episodios de tensi\u00f3n que afectan la gobernabilidad en Sucre y pone en duda la cohesi\u00f3n del bloque oficialista en el Concejo.<\/p>\n","protected":false},"excerpt":{"rendered":"<p>Un enfrentamiento verbal entre los concejales Rodolfo Avil\u00e9s y \u00d3scar Sandy, ambos del Movimiento al&#8230;<\/p>\n","protected":false},"author":1,"featured_media":1000,"comment_status":"closed","ping_status":"open","sticky":false,"template":"","format":"standard","meta":{"footnotes":""},"categories":[43],"tags":[],"class_list":["post-999","post","type-post","status-publish","format-standard","has-post-thumbnail","hentry","category-politica"],"featured_image_urls":{"full":["https:\/\/capitalfmbolivia.com\/web\/wp-content\/uploads\/2025\/05\/Screenshot-2025-05-22-162222.png",751,502,false],"thumbnail":["https:\/\/capitalfmbolivia.com\/web\/wp-content\/uploads\/2025\/05\/Screenshot-2025-05-22-162222-150x150.png",150,150,true],"medium":["https:\/\/capitalfmbolivia.com\/web\/wp-content\/uploads\/2025\/05\/Screenshot-2025-05-22-162222-300x201.png",300,201,true],"medium_large":["https:\/\/capitalfmbolivia.com\/web\/wp-content\/uploads\/2025\/05\/Screenshot-2025-05-22-162222.png",640,428,false],"large":["https:\/\/capitalfmbolivia.com\/web\/wp-content\/uploads\/2025\/05\/Screenshot-2025-05-22-162222.png",640,428,false],"1536x1536":["https:\/\/capitalfmbolivia.com\/web\/wp-content\/uploads\/2025\/05\/Screenshot-2025-05-22-162222.png",751,502,false],"2048x2048":["https:\/\/capitalfmbolivia.com\/web\/wp-content\/uploads\/2025\/05\/Screenshot-2025-05-22-162222.png",751,502,false],"newsphere-slider-full":["https:\/\/capitalfmbolivia.com\/web\/wp-content\/uploads\/2025\/05\/Screenshot-2025-05-22-162222.png",751,502,false],"newsphere-featured":["https:\/\/capitalfmbolivia.com\/web\/wp-content\/uploads\/2025\/05\/Screenshot-2025-05-22-162222.png",751,502,false],"newsphere-medium":["https:\/\/capitalfmbolivia.com\/web\/wp-content\/uploads\/2025\/05\/Screenshot-2025-05-22-162222-720x380.png",720,380,true]},"author_info":{"display_name":"redchuqui","author_link":"https:\/\/capitalfmbolivia.com\/web\/author\/redchuqui\/"},"category_info":"<a href=\"https:\/\/capitalfmbolivia.com\/web\/category\/nacional\/politica\/\" rel=\"category tag\">Politica<\/a>","tag_info":"Politica","comment_count":"0","_links":{"self":[{"href":"https:\/\/capitalfmbolivia.com\/web\/wp-json\/wp\/v2\/posts\/999","targetHints":{"allow":["GET"]}}],"collection":[{"href":"https:\/\/capitalfmbolivia.com\/web\/wp-json\/wp\/v2\/posts"}],"about":[{"href":"https:\/\/capitalfmbolivia.com\/web\/wp-json\/wp\/v2\/types\/post"}],"author":[{"embeddable":true,"href":"https:\/\/capitalfmbolivia.com\/web\/wp-json\/wp\/v2\/users\/1"}],"replies":[{"embeddable":true,"href":"https:\/\/capitalfmbolivia.com\/web\/wp-json\/wp\/v2\/comments?post=999"}],"version-history":[{"count":3,"href":"https:\/\/capitalfmbolivia.com\/web\/wp-json\/wp\/v2\/posts\/999\/revisions"}],"predecessor-version":[{"id":1003,"href":"https:\/\/capitalfmbolivia.com\/web\/wp-json\/wp\/v2\/posts\/999\/revisions\/1003"}],"wp:featuredmedia":[{"embeddable":true,"href":"https:\/\/capitalfmbolivia.com\/web\/wp-json\/wp\/v2\/media\/1000"}],"wp:attachment":[{"href":"https:\/\/capitalfmbolivia.com\/web\/wp-json\/wp\/v2\/media?parent=999"}],"wp:term":[{"taxonomy":"category","embeddable":true,"href":"https:\/\/capitalfmbolivia.com\/web\/wp-json\/wp\/v2\/categories?post=999"},{"taxonomy":"post_tag","embeddable":true,"href":"https:\/\/capitalfmbolivia.com\/web\/wp-json\/wp\/v2\/tags?post=999"}],"curies":[{"name":"wp","href":"https:\/\/api.w.org\/{rel}","templated":true}]}}